{"id":402,"date":"2025-12-01T15:11:47","date_gmt":"2025-12-01T14:11:47","guid":{"rendered":"https:\/\/literie.boutique\/blog\/oreiller-memoire-avantages\/"},"modified":"2025-12-01T15:11:47","modified_gmt":"2025-12-01T14:11:47","slug":"oreiller-memoire-avantages","status":"publish","type":"post","link":"https:\/\/literie.boutique\/blog\/oreiller-memoire-avantages\/","title":{"rendered":"Oreiller \u00e0 m\u00e9moire de forme\u00a0: avantages, inconv\u00e9nients et id\u00e9es re\u00e7ues"},"content":{"rendered":"<p>Il suffit parfois d\u2019une nuit agit\u00e9e et de douleurs cervicales pour remettre en question l\u2019oreiller qui partage nos nuits. Vous vous interrogez sur l\u2019int\u00e9r\u00eat de l\u2019oreiller \u00e0 m\u00e9moire de forme\u00a0? Entre promesses de confort et doutes sur sa durabilit\u00e9, il est facile de perdre ses rep\u00e8res face aux nombreuses id\u00e9es re\u00e7ues. Ce guide l\u00e8ve le voile sur les avantages, les inconv\u00e9nients et les v\u00e9rit\u00e9s cach\u00e9es de ce fameux coussin qui intrigue et s\u00e9duit, ann\u00e9e apr\u00e8s ann\u00e9e.<\/p>\n\n<figure class=\"wp-block-image size-full\"><img fetchpriority=\"high\" decoding=\"async\" width=\"1024\" height=\"1024\" src=\"https:\/\/literie.boutique\/blog\/wp-content\/uploads\/2025\/12\/Oreiller-a-memoire-de-forme-avantages-inconvenients-et-idees-recues-1.png\" alt=\"d\u00e9couvrez les avantages, les inconv\u00e9nients et les id\u00e9es re\u00e7ues sur l&#039;oreiller \u00e0 m\u00e9moire de forme pour un sommeil confortable et r\u00e9parateur.\" class=\"wp-image-401\" srcset=\"https:\/\/literie.boutique\/blog\/wp-content\/uploads\/2025\/12\/Oreiller-a-memoire-de-forme-avantages-inconvenients-et-idees-recues-1.png 1024w, https:\/\/literie.boutique\/blog\/wp-content\/uploads\/2025\/12\/Oreiller-a-memoire-de-forme-avantages-inconvenients-et-idees-recues-1-300x300.png 300w, https:\/\/literie.boutique\/blog\/wp-content\/uploads\/2025\/12\/Oreiller-a-memoire-de-forme-avantages-inconvenients-et-idees-recues-1-150x150.png 150w, https:\/\/literie.boutique\/blog\/wp-content\/uploads\/2025\/12\/Oreiller-a-memoire-de-forme-avantages-inconvenients-et-idees-recues-1-768x768.png 768w\" sizes=\"(max-width: 1024px) 100vw, 1024px\" \/><\/figure>\n\n<h2 class=\"wp-block-heading\">Oreiller \u00e0 m\u00e9moire de forme\u00a0: soutien sur-mesure et confort du sommeil<\/h2>\n\n<p>L\u2019essor de l\u2019oreiller \u00e0 m\u00e9moire de forme trouve ses racines dans un besoin essentiel\u00a0: mieux prendre soin du corps pendant le sommeil. Ce coussin se d\u00e9marque gr\u00e2ce \u00e0 une <strong>mousse visco\u00e9lastique<\/strong>, initialement pens\u00e9e pour amortir les chocs subis par les astronautes. Rien que \u00e7a. Revisit\u00e9 pour la literie, ce mat\u00e9riau s\u2019est impos\u00e9 chez ceux et celles en qu\u00eate d\u2019<strong>ergonomie coussin<\/strong> et de nuits apais\u00e9es.<\/p>\n\n<ul class=\"wp-block-list\"><li>Adaptabilit\u00e9 remarquable \u00e0 la morphologie<\/li><li>Soutien cervical pr\u00e9cis gr\u00e2ce \u00e0 une structure sur-mesure<\/li><li>R\u00e9duction des tensions musculaires et des raideurs au r\u00e9veil<\/li><li>Favorise un <strong>confort sommeil<\/strong> m\u00eame en cas de changements fr\u00e9quents de position<\/li><li>Mat\u00e9riau r\u00e9put\u00e9 pour sa <strong>durabilit\u00e9 oreiller<\/strong><\/li><\/ul>\n\n<figure class=\"wp-block-table\"><table>\n<thead>\n<tr>\n<th>Crit\u00e8re<\/th>\n<th>Oreiller \u00e0 m\u00e9moire de forme<\/th>\n<th>Oreiller traditionnel<\/th>\n<\/tr>\n<\/thead>\n<tbody>\n<tr>\n<td>Adaptabilit\u00e9<\/td>\n<td>S\u2019ajuste \u00e0 la t\u00eate et au cou, personnalis\u00e9<\/td>\n<td>Forme moins soutenante, s&rsquo;\u00e9crase dans le temps<\/td>\n<\/tr>\n<tr>\n<td>Soutien cervical<\/td>\n<td>Excellent maintien ergonomique<\/td>\n<td>Variable selon le garnissage<\/td>\n<\/tr>\n<tr>\n<td>Durabilit\u00e9<\/td>\n<td>2 \u00e0 4 ans (voire plus selon qualit\u00e9)<\/td>\n<td>1 \u00e0 3 ans selon l&rsquo;entretien<\/td>\n<\/tr>\n<tr>\n<td>Hypoallerg\u00e9nique<\/td>\n<td>Oui pour la plupart des mod\u00e8les<\/td>\n<td>Moins syst\u00e9matique<\/td>\n<\/tr>\n<tr>\n<td>Entretien<\/td>\n<td>N\u00e9cessite une housse amovible<\/td>\n<td>Parfois lavable en machine<\/td>\n<\/tr>\n<\/tbody>\n<\/table><\/figure>\n\n<p>Mais le secret de son succ\u00e8s ne se limite pas \u00e0 la technologie. Un <a href=\"https:\/\/literie.boutique\/blog\/oreiller-ergonomique-traditionnel\/\">oreiller ergonomique<\/a> bien choisi agit comme un soutien discret\u00a0: il accompagne votre corps, att\u00e9nue les r\u00e9veils nocturnes et transforme le rituel du coucher.<\/p>\n\n<h3 class=\"wp-block-heading\">La mousse \u00e0 m\u00e9moire de forme\u00a0: entre science et sensations nocturnes<\/h3>\n\n<p>Au c\u0153ur de ce coussin, la <strong>mousse \u00e0 m\u00e9moire de forme<\/strong> enveloppe et amortit avec une bienveillance inattendue. Cette sensation de cocon provient d\u2019une technologie qui r\u00e9agit \u00e0 la chaleur de votre corps, \u00e9pousant pr\u00e9cis\u00e9ment chaque courbe. Contrairement \u00e0 certaines id\u00e9es re\u00e7ues oreiller, la densit\u00e9 et la fermet\u00e9 varient \u2013 inutile d\u2019associer syst\u00e9matiquement m\u00e9moire de forme \u00e0 coussin dur.<\/p>\n\n<ul class=\"wp-block-list\"><li>Plus la densit\u00e9 est \u00e9lev\u00e9e, plus le soutien est marqu\u00e9 \u2013 id\u00e9al pour les grands gabarits<\/li><li>Un toucher plus moelleux pour les personnes menues ou recherchant un effet \u00ab\u00a0nuage\u00a0\u00bb<\/li><li>La mousse visco\u00e9lastique retrouve sa forme nuit apr\u00e8s nuit, \u00e9vitant les d\u00e9formations<\/li><li>Certains mod\u00e8les incluent des infusions de gel pour limiter la chaleur<\/li><li>Les certifications OEKO-TEX assurent l\u2019absence de substances nocives<\/li><\/ul>\n\n<p>Le choix du <a href=\"https:\/\/literie.boutique\/blog\/literie-dormir-cote-dos-ventre\/\">type de dormeur<\/a> (c\u00f4t\u00e9, dos, ventre) oriente la hauteur id\u00e9ale du coussin. Inutile de forcer la main \u00e0 votre morphologie\u00a0: chaque profil gagne \u00e0 \u00e9couter son propre ressenti.<\/p>\n\n<h2 class=\"wp-block-heading\">Avantages des oreillers \u00e0 m\u00e9moire de forme\u00a0: faits, bienfaits, ressentis<\/h2>\n\n<p>La r\u00e9putation de l\u2019oreiller \u00e0 m\u00e9moire de forme s\u2019est forg\u00e9e dans le v\u00e9cu de milliers de dormeurs. Si la mousse visco\u00e9lastique peut sembler anecdotique au premier abord, elle change vraiment la donne chez beaucoup d\u2019utilisateurs.<\/p>\n\n<ul class=\"wp-block-list\"><li><strong>Soutien personnalis\u00e9<\/strong>\u00a0: chaque nuit, la mousse \u00e9pouse vos courbes<\/li><li><strong>R\u00e9duction des douleurs cervicales<\/strong>, gr\u00e2ce \u00e0 un maintien stable<\/li><li><strong>Diminution des points de pression<\/strong>, notamment chez les personnes sensibles au niveau des \u00e9paules ou du cou<\/li><li><strong>Durabilit\u00e9 oreiller<\/strong> sup\u00e9rieure aux mod\u00e8les \u00e0 plumes ou synth\u00e9tiques classiques<\/li><li><strong>Hypoallerg\u00e9nique<\/strong>\u00a0: moins de risque d\u2019allergies et de d\u00e9veloppement d\u2019acariens<\/li><li><strong>Meilleure qualit\u00e9 de sommeil<\/strong>, souvent observ\u00e9e apr\u00e8s quelques nuits d\u2019adaptation<\/li><\/ul>\n\n<figure class=\"wp-block-table\"><table>\n<thead>\n<tr>\n<th>B\u00e9n\u00e9fice<\/th>\n<th>Exemple v\u00e9cu<\/th>\n<\/tr>\n<\/thead>\n<tbody>\n<tr>\n<td>Soulagement des douleurs cervicales<\/td>\n<td>Sylvie, 47 ans\u00a0: \u00ab\u00a0Moins de migraines, nuque plus d\u00e9tendue en quelques jours\u00a0\u00bb<\/td>\n<\/tr>\n<tr>\n<td>Soutien sur-mesure<\/td>\n<td>Karim, 33 ans\u00a0: \u00ab\u00a0Le coussin reste en forme malgr\u00e9 mes nombreux mouvements nocturnes\u00a0\u00bb<\/td>\n<\/tr>\n<tr>\n<td>Hygi\u00e8ne accrue<\/td>\n<td>Coussin \u00e0 mousse et housse lavable, avantages pour les personnes allergiques<\/td>\n<\/tr>\n<tr>\n<td>Adapt\u00e9 \u00e0 tous types de morphologies<\/td>\n<td>Dormeurs grands et petits trouvent leur confort sur des mod\u00e8les adapt\u00e9s<\/td>\n<\/tr>\n<tr>\n<td>R\u00e9silience dans le temps<\/td>\n<td>Apr\u00e8s 3 ans d\u2019usage, toujours aussi confortable<\/td>\n<\/tr>\n<\/tbody>\n<\/table><\/figure>\n\n<p>Vous cherchez \u00e0 en savoir plus sur le meilleur choix de matelas ou sur l\u2019art de m\u00e9langer coussin m\u00e9moire de forme et autres accessoires ergonomiques\u00a0? Le blog <a href=\"https:\/\/literie.boutique\/blog\/roi-du-matelas-magasins\/\">literie.boutique<\/a> regorge de retours et d\u2019avis qui permettent de franchir le pas avec assurance.<\/p>\n\n<h3 class=\"wp-block-heading\">Effet sur la sant\u00e9 et posture\u00a0: des bienfaits reconnus, pas de miracle<\/h3>\n\n<p>Oui, la litt\u00e9rature scientifique et l\u2019avis de nombreux kin\u00e9sith\u00e9rapeutes l\u2019attestent\u00a0: un oreiller \u00e0 m\u00e9moire de forme am\u00e9liore l\u2019<strong>alignement t\u00eate-nuque<\/strong>. D\u2019accord, ce n\u2019est pas une solution tout-en-un pour les maux chroniques ou les hernies, mais il peut contribuer \u00e0 pr\u00e9venir l\u2019apparition ou l\u2019aggravation de certaines douleurs. Pensez \u00e0 combiner son usage avec un matelas adapt\u00e9 \u00e0 votre morphologie \u2013 n\u2019h\u00e9sitez pas \u00e0 consulter <a href=\"https:\/\/literie.boutique\/blog\/avantages-inconvenients-matelas\/\">les crit\u00e8res de choix des matelas<\/a> pour faire le bon duo.<\/p>\n\n<ul class=\"wp-block-list\"><li>Meilleure circulation sanguine, surtout chez ceux qui dorment sur le c\u00f4t\u00e9<\/li><li>Moins de r\u00e9veils nocturnes d\u2019inconfort<\/li><li>Hausse du bien-\u00eatre global gr\u00e2ce \u00e0 un endormissement facilit\u00e9<\/li><li>R\u00e9duction du risque de tensions dans le haut du dos<\/li><li>Am\u00e9lioration de la r\u00e9cup\u00e9ration apr\u00e8s une journ\u00e9e bien remplie<\/li><\/ul>\n\n<p>Dans la qu\u00eate du confort sommeil, l\u2019association oreiller \u00e0 m\u00e9moire de forme et matelas ergonomique se rapproche d\u2019un compromis r\u00eav\u00e9\u2026 \u00c0 condition de respecter ses besoins et de ne pas c\u00e9der aux fausses promesses.<\/p>\n\n<h2 class=\"wp-block-heading\">Inconv\u00e9nients des oreillers \u00e0 m\u00e9moire de forme et id\u00e9es re\u00e7ues \u00e0 d\u00e9passer<\/h2>\n\n<p>M\u00eame la star des coussins a ses revers. La mousse \u00e0 m\u00e9moire de forme, avec son toucher enveloppant, peut surprendre au d\u00e9but\u00a0: adaptation, entretien, budget\u2026 des d\u00e9tails qui p\u00e8sent dans la balance.<\/p>\n\n<ul class=\"wp-block-list\"><li><strong>Sensation de chaleur<\/strong>\u00a0: la mati\u00e8re peut retenir la temp\u00e9rature du corps pendant les nuits tr\u00e8s chaudes<\/li><li><strong>Odeur \u00e0 l\u2019ouverture<\/strong>\u00a0: un parfum de mousse neuve, souvent dissip\u00e9 apr\u00e8s quelques jours d\u2019a\u00e9ration<\/li><li><strong>Entretien sp\u00e9cifique<\/strong>, car ce type d&rsquo;oreiller ne se lave pas toujours en machine (v\u00e9rifiez toujours la housse amovible)<\/li><li><strong>Poids du coussin<\/strong> plus important qu\u2019un oreiller \u00e0 plumes ou fibres<\/li><li><strong>Prix sup\u00e9rieur<\/strong>\u00a0: compter entre 40 et 100\u00a0\u20ac selon la qualit\u00e9 \u2013 mais la durabilit\u00e9 compense souvent l&rsquo;investissement<\/li><\/ul>\n\n<figure class=\"wp-block-table\"><table>\n<thead>\n<tr>\n<th>Frein ou id\u00e9e re\u00e7ue<\/th>\n<th>Explication<\/th>\n<\/tr>\n<\/thead>\n<tbody>\n<tr>\n<td>L\u2019oreiller \u00e0 m\u00e9moire de forme est toujours dur<\/td>\n<td>La fermet\u00e9 varie selon la densit\u00e9 de la mousse\u00a0: il existe des mod\u00e8les moelleux, m\u00e9dium ou fermes<\/td>\n<\/tr>\n<tr>\n<td>Tous les oreillers \u00e0 m\u00e9moire provoquent de la chaleur<\/td>\n<td>De nouveaux mod\u00e8les utilisent des mat\u00e9riaux qui \u00e9vacuent mieux la chaleur (fibres de bambou, micro-perforations)<\/td>\n<\/tr>\n<tr>\n<td>Impossible de laver un oreiller \u00e0 m\u00e9moire de forme<\/td>\n<td>Les housses amovibles r\u00e9solvent ce point \u2013 consultez <a href=\"https:\/\/literie.boutique\/blog\/laver-oreiller-plume-synthetique\/\">ce guide<\/a> pour l\u2019entretien<\/td>\n<\/tr>\n<tr>\n<td>Un coussin m\u00e9moire de forme, ce n&rsquo;est pas pour les enfants<\/td>\n<td>Il existe des mod\u00e8les adapt\u00e9s, souvent plus fins, qui conviennent aux plus petits<\/td>\n<\/tr>\n<\/tbody>\n<\/table><\/figure>\n\n<p>Le sujet de la transpiration nocturne revient souvent. En cas de g\u00eane notable, les experts conseillent de tester un mod\u00e8le enrichi en fibres naturelles (bambou, par exemple) pour mieux \u00e9vacuer la chaleur et r\u00e9duire les risques d\u2019allergie.<\/p>\n\n<p>La m\u00e9moire de forme n\u2019agit pas comme une baguette magique, mais elle reste un alli\u00e9 utile pour ceux qui cherchent une alternative \u00e0 l\u2019<a href=\"https:\/\/literie.boutique\/blog\/litrimarche-enseignes-literie\/\">oreiller classique<\/a> ou qui souffrent de douleurs r\u00e9currentes au lever.<\/p>\n\n<h3 class=\"wp-block-heading\">Adapter son choix de coussin m\u00e9moire de forme en fonction de ses besoins r\u00e9els<\/h3>\n\n<p>Avant de passer \u00e0 l\u2019achat, faites l\u2019inventaire de vos habitudes. Dormeur agit\u00e9 ou paisible\u00a0? Allergies connues\u00a0? Sensibilit\u00e9 \u00e0 la chaleur ou budget restreint\u00a0? Les r\u00e9ponses orientent franchement votre d\u00e9cision.<\/p>\n\n<ul class=\"wp-block-list\"><li><strong>Pour les douloureux du dos ou de la nuque<\/strong>\u00a0: opter pour un mod\u00e8le ferme<\/li><li><strong>Pour les petits gabarits<\/strong>\u00a0: version moelleuse et oreiller de taille adapt\u00e9e<\/li><li><strong>Pour les enfants<\/strong>\u00a0: coussin plus fin, \u00e9ventuellement rectangulaire<\/li><li><strong>Pour les allergiques<\/strong>\u00a0: mousse certifi\u00e9e et housse lavable<\/li><li><strong>Pour ceux qui transpirent<\/strong>\u00a0: privil\u00e9gier des mat\u00e9riaux thermor\u00e9gulants<\/li><\/ul>\n\n<figure class=\"wp-block-table\"><table>\n<thead>\n<tr>\n<th>Profil<\/th>\n<th>Type d\u2019oreiller recommand\u00e9<\/th>\n<\/tr>\n<\/thead>\n<tbody>\n<tr>\n<td>Dormeur sur le c\u00f4t\u00e9<\/td>\n<td>Oreiller \u00e9pais, rectangulaire, soutien ferme<\/td>\n<\/tr>\n<tr>\n<td>Dormeur sur le dos<\/td>\n<td>Oreiller mi-ferme, format carr\u00e9 classique<\/td>\n<\/tr>\n<tr>\n<td>Dormeur sur le ventre<\/td>\n<td>Oreiller plat, tr\u00e8s souple, format rectangulaire<\/td>\n<\/tr>\n<tr>\n<td>Dormeur mixte<\/td>\n<td>Epaisseur medium, densit\u00e9 \u00e9quilibr\u00e9e<\/td>\n<\/tr>\n<\/tbody>\n<\/table><\/figure>\n\n<p>Et pour aller au bout de la r\u00e9flexion\u00a0: un <a href=\"https:\/\/literie.boutique\/blog\/literie-position-moins-ronfler\/\">coussin bien adapt\u00e9<\/a> peut m\u00eame contribuer \u00e0 moins ronfler ou \u00e0 limiter certaines g\u00eanes respiratoires.<\/p>\n\n<h2 class=\"wp-block-heading\">Entretien, durabilit\u00e9 et conseils pratiques pour une literie saine<\/h2>\n\n<p>L\u2019<strong>entretien ad\u00e9quat<\/strong> fait toute la diff\u00e9rence dans la <strong>durabilit\u00e9 oreiller<\/strong> m\u00e9moire de forme. Ceux qui investissent dans la literie haut de gamme ne veulent pas voir leur coussin perdre son gonflant ou son ergonomie apr\u00e8s quelques mois. Voici comment tirer le meilleur parti de votre investissement.<\/p>\n\n<ul class=\"wp-block-list\"><li>Laver r\u00e9guli\u00e8rement la housse en machine (tous les 15 jours \u00e0 un mois)<\/li><li>A\u00e9rer fr\u00e9quemment l\u2019oreiller pour dissiper l\u2019humidit\u00e9 et les odeurs<\/li><li>\u00c9viter le lavage du bloc mousse lui-m\u00eame, sauf si le fabricant l\u2019autorise<\/li><li>Changer d\u2019oreiller tous les 2 \u00e0 4 ans selon l\u2019usure et l&rsquo;hygi\u00e8ne<\/li><li>Pr\u00e9voir un prot\u00e8ge-oreiller pour limiter la poussi\u00e8re et les salissures<\/li><li>V\u00e9rifier les certifications de la mousse si vous \u00eates sujet aux allergies<\/li><\/ul>\n\n<figure class=\"wp-block-table\"><table>\n<thead>\n<tr>\n<th>Fr\u00e9quence<\/th>\n<th>Action recommand\u00e9e<\/th>\n<\/tr>\n<\/thead>\n<tbody>\n<tr>\n<td>Chaque semaine<\/td>\n<td>Lavage de la taie d\u2019oreiller<\/td>\n<\/tr>\n<tr>\n<td>Tous les 2 mois<\/td>\n<td>Nettoyage de la housse amovible<\/td>\n<\/tr>\n<tr>\n<td>Chaque saison<\/td>\n<td>A\u00e9ration prolong\u00e9e \u00e0 la fen\u00eatre<\/td>\n<\/tr>\n<tr>\n<td>Tous les 2-4 ans<\/td>\n<td>Renouvellement de l\u2019oreiller<\/td>\n<\/tr>\n<\/tbody>\n<\/table><\/figure>\n\n<p>Des astuces d\u2019entretien sur mesure sont disponibles, notamment pour d\u00e9tacher un <a href=\"https:\/\/literie.boutique\/blog\/nettoyer-matelas-moisi\/\">matelas moisi<\/a> ou <a href=\"https:\/\/literie.boutique\/blog\/nettoyer-matelas-vomissement\/\">traiter les accidents de la nuit<\/a>.<\/p>\n\n<p>Enfin, le bon coussin n\u2019oublie jamais de s\u2019int\u00e9grer \u00e0 la d\u00e9coration, ni de r\u00e9pondre \u00e0 vos exigences de confort au fil du temps. Un accessoire qui vieillit bien dans une chambre saine n\u2019a pas de prix.<\/p>\n\n","protected":false},"excerpt":{"rendered":"<p>Il suffit parfois d\u2019une nuit agit\u00e9e et de douleurs cervicales pour remettre en question l\u2019oreiller qui partage nos nuits. Vous vous interrogez sur l\u2019int\u00e9r\u00eat de l\u2019oreiller \u00e0 m\u00e9moire de forme\u00a0? Entre promesses de confort et doutes sur sa durabilit\u00e9, il est facile de perdre ses rep\u00e8res face aux nombreuses id\u00e9es re\u00e7ues. Ce guide l\u00e8ve le [&hellip;]<\/p>\n","protected":false},"author":1,"featured_media":400,"comment_status":"open","ping_status":"open","sticky":false,"template":"","format":"standard","meta":{"_eb_attr":"","footnotes":""},"categories":[1],"tags":[],"class_list":["post-402","post","type-post","status-publish","format-standard","has-post-thumbnail","hentry","category-non-classe"],"yoast_head":"<!-- This site is optimized with the Yoast SEO plugin v27.4 - https:\/\/yoast.com\/product\/yoast-seo-wordpress\/ -->\n<title>Oreillers m\u00e9moire de forme : v\u00e9rit\u00e9 et id\u00e9es re\u00e7ues<\/title>\n<meta name=\"description\" content=\"D\u00e9couvrez les avantages, inconv\u00e9nients et id\u00e9es re\u00e7ues sur l&#039;oreiller \u00e0 m\u00e9moire de forme pour un sommeil optimal et confortable.\" \/>\n<meta name=\"robots\" content=\"index, follow, max-snippet:-1, max-image-preview:large, max-video-preview:-1\" \/>\n<link rel=\"canonical\" href=\"https:\/\/literie.boutique\/blog\/oreiller-memoire-avantages\/\" \/>\n<meta property=\"og:locale\" content=\"fr_FR\" \/>\n<meta property=\"og:type\" content=\"article\" \/>\n<meta property=\"og:title\" content=\"Oreillers m\u00e9moire de forme : v\u00e9rit\u00e9 et id\u00e9es re\u00e7ues\" \/>\n<meta property=\"og:description\" content=\"D\u00e9couvrez les avantages, inconv\u00e9nients et id\u00e9es re\u00e7ues sur l&#039;oreiller \u00e0 m\u00e9moire de forme pour un sommeil optimal et confortable.\" \/>\n<meta property=\"og:url\" content=\"https:\/\/literie.boutique\/blog\/oreiller-memoire-avantages\/\" \/>\n<meta property=\"og:site_name\" content=\"Blog literie\" \/>\n<meta property=\"article:published_time\" content=\"2025-12-01T14:11:47+00:00\" \/>\n<meta property=\"og:image\" content=\"https:\/\/literie.boutique\/blog\/wp-content\/uploads\/2025\/12\/Oreiller-a-memoire-de-forme-avantages-inconvenients-et-idees-recues.png\" \/>\n\t<meta property=\"og:image:width\" content=\"1536\" \/>\n\t<meta property=\"og:image:height\" content=\"1024\" \/>\n\t<meta property=\"og:image:type\" content=\"image\/png\" \/>\n<meta name=\"author\" content=\"Quentin\" \/>\n<meta name=\"twitter:card\" content=\"summary_large_image\" \/>\n<meta name=\"twitter:label1\" content=\"\u00c9crit par\" \/>\n\t<meta name=\"twitter:data1\" content=\"Quentin\" \/>\n\t<meta name=\"twitter:label2\" content=\"Dur\u00e9e de lecture estim\u00e9e\" \/>\n\t<meta name=\"twitter:data2\" content=\"8 minutes\" \/>\n<script type=\"application\/ld+json\" class=\"yoast-schema-graph\">{\"@context\":\"https:\\\/\\\/schema.org\",\"@graph\":[{\"@type\":\"Article\",\"@id\":\"https:\\\/\\\/literie.boutique\\\/blog\\\/oreiller-memoire-avantages\\\/#article\",\"isPartOf\":{\"@id\":\"https:\\\/\\\/literie.boutique\\\/blog\\\/oreiller-memoire-avantages\\\/\"},\"author\":{\"name\":\"Quentin\",\"@id\":\"https:\\\/\\\/literie.boutique\\\/blog\\\/#\\\/schema\\\/person\\\/18b20b7440db8006a7400c973f23869a\"},\"headline\":\"Oreiller \u00e0 m\u00e9moire de forme\u00a0: avantages, inconv\u00e9nients et id\u00e9es re\u00e7ues\",\"datePublished\":\"2025-12-01T14:11:47+00:00\",\"mainEntityOfPage\":{\"@id\":\"https:\\\/\\\/literie.boutique\\\/blog\\\/oreiller-memoire-avantages\\\/\"},\"wordCount\":1689,\"commentCount\":0,\"image\":{\"@id\":\"https:\\\/\\\/literie.boutique\\\/blog\\\/oreiller-memoire-avantages\\\/#primaryimage\"},\"thumbnailUrl\":\"https:\\\/\\\/literie.boutique\\\/blog\\\/wp-content\\\/uploads\\\/2025\\\/12\\\/Oreiller-a-memoire-de-forme-avantages-inconvenients-et-idees-recues.png\",\"inLanguage\":\"fr-FR\",\"potentialAction\":[{\"@type\":\"CommentAction\",\"name\":\"Comment\",\"target\":[\"https:\\\/\\\/literie.boutique\\\/blog\\\/oreiller-memoire-avantages\\\/#respond\"]}]},{\"@type\":\"WebPage\",\"@id\":\"https:\\\/\\\/literie.boutique\\\/blog\\\/oreiller-memoire-avantages\\\/\",\"url\":\"https:\\\/\\\/literie.boutique\\\/blog\\\/oreiller-memoire-avantages\\\/\",\"name\":\"Oreillers m\u00e9moire de forme : v\u00e9rit\u00e9 et id\u00e9es re\u00e7ues\",\"isPartOf\":{\"@id\":\"https:\\\/\\\/literie.boutique\\\/blog\\\/#website\"},\"primaryImageOfPage\":{\"@id\":\"https:\\\/\\\/literie.boutique\\\/blog\\\/oreiller-memoire-avantages\\\/#primaryimage\"},\"image\":{\"@id\":\"https:\\\/\\\/literie.boutique\\\/blog\\\/oreiller-memoire-avantages\\\/#primaryimage\"},\"thumbnailUrl\":\"https:\\\/\\\/literie.boutique\\\/blog\\\/wp-content\\\/uploads\\\/2025\\\/12\\\/Oreiller-a-memoire-de-forme-avantages-inconvenients-et-idees-recues.png\",\"datePublished\":\"2025-12-01T14:11:47+00:00\",\"author\":{\"@id\":\"https:\\\/\\\/literie.boutique\\\/blog\\\/#\\\/schema\\\/person\\\/18b20b7440db8006a7400c973f23869a\"},\"description\":\"D\u00e9couvrez les avantages, inconv\u00e9nients et id\u00e9es re\u00e7ues sur l'oreiller \u00e0 m\u00e9moire de forme pour un sommeil optimal et confortable.\",\"breadcrumb\":{\"@id\":\"https:\\\/\\\/literie.boutique\\\/blog\\\/oreiller-memoire-avantages\\\/#breadcrumb\"},\"inLanguage\":\"fr-FR\",\"potentialAction\":[{\"@type\":\"ReadAction\",\"target\":[\"https:\\\/\\\/literie.boutique\\\/blog\\\/oreiller-memoire-avantages\\\/\"]}]},{\"@type\":\"ImageObject\",\"inLanguage\":\"fr-FR\",\"@id\":\"https:\\\/\\\/literie.boutique\\\/blog\\\/oreiller-memoire-avantages\\\/#primaryimage\",\"url\":\"https:\\\/\\\/literie.boutique\\\/blog\\\/wp-content\\\/uploads\\\/2025\\\/12\\\/Oreiller-a-memoire-de-forme-avantages-inconvenients-et-idees-recues.png\",\"contentUrl\":\"https:\\\/\\\/literie.boutique\\\/blog\\\/wp-content\\\/uploads\\\/2025\\\/12\\\/Oreiller-a-memoire-de-forme-avantages-inconvenients-et-idees-recues.png\",\"width\":1536,\"height\":1024,\"caption\":\"d\u00e9couvrez les avantages, inconv\u00e9nients et id\u00e9es re\u00e7ues sur l'oreiller \u00e0 m\u00e9moire de forme pour am\u00e9liorer votre confort et votre sommeil.\"},{\"@type\":\"BreadcrumbList\",\"@id\":\"https:\\\/\\\/literie.boutique\\\/blog\\\/oreiller-memoire-avantages\\\/#breadcrumb\",\"itemListElement\":[{\"@type\":\"ListItem\",\"position\":1,\"name\":\"Accueil\",\"item\":\"https:\\\/\\\/literie.boutique\\\/blog\\\/\"},{\"@type\":\"ListItem\",\"position\":2,\"name\":\"Oreiller \u00e0 m\u00e9moire de forme\u00a0: avantages, inconv\u00e9nients et id\u00e9es re\u00e7ues\"}]},{\"@type\":\"WebSite\",\"@id\":\"https:\\\/\\\/literie.boutique\\\/blog\\\/#website\",\"url\":\"https:\\\/\\\/literie.boutique\\\/blog\\\/\",\"name\":\"Blog literie\",\"description\":\"\",\"potentialAction\":[{\"@type\":\"SearchAction\",\"target\":{\"@type\":\"EntryPoint\",\"urlTemplate\":\"https:\\\/\\\/literie.boutique\\\/blog\\\/?s={search_term_string}\"},\"query-input\":{\"@type\":\"PropertyValueSpecification\",\"valueRequired\":true,\"valueName\":\"search_term_string\"}}],\"inLanguage\":\"fr-FR\"},{\"@type\":\"Person\",\"@id\":\"https:\\\/\\\/literie.boutique\\\/blog\\\/#\\\/schema\\\/person\\\/18b20b7440db8006a7400c973f23869a\",\"name\":\"Quentin\",\"image\":{\"@type\":\"ImageObject\",\"inLanguage\":\"fr-FR\",\"@id\":\"https:\\\/\\\/secure.gravatar.com\\\/avatar\\\/41fdb4b53b53b73264d00c34f36d500658ce5d38b749a6be639259016cc951ea?s=96&d=mm&r=g\",\"url\":\"https:\\\/\\\/secure.gravatar.com\\\/avatar\\\/41fdb4b53b53b73264d00c34f36d500658ce5d38b749a6be639259016cc951ea?s=96&d=mm&r=g\",\"contentUrl\":\"https:\\\/\\\/secure.gravatar.com\\\/avatar\\\/41fdb4b53b53b73264d00c34f36d500658ce5d38b749a6be639259016cc951ea?s=96&d=mm&r=g\",\"caption\":\"Quentin\"},\"description\":\"Quentin a 15 ans d\u2019exp\u00e9rience dans le domaine de la literie et du sommeil. Passionn\u00e9 par le sujet, il s\u2019est form\u00e9 en continu sur les nouveaut\u00e9s (technologies de matelas, ergonomie, mat\u00e9riaux innovants) et a m\u00eame suivi des modules en ergonomie du sommeil.\",\"sameAs\":[\"https:\\\/\\\/literie.boutique\\\/blog\"],\"url\":\"https:\\\/\\\/literie.boutique\\\/blog\\\/author\\\/domaineswebnotoriete-com\\\/\"}]}<\/script>\n<!-- \/ Yoast SEO plugin. -->","yoast_head_json":{"title":"Oreillers m\u00e9moire de forme : v\u00e9rit\u00e9 et id\u00e9es re\u00e7ues","description":"D\u00e9couvrez les avantages, inconv\u00e9nients et id\u00e9es re\u00e7ues sur l'oreiller \u00e0 m\u00e9moire de forme pour un sommeil optimal et confortable.","robots":{"index":"index","follow":"follow","max-snippet":"max-snippet:-1","max-image-preview":"max-image-preview:large","max-video-preview":"max-video-preview:-1"},"canonical":"https:\/\/literie.boutique\/blog\/oreiller-memoire-avantages\/","og_locale":"fr_FR","og_type":"article","og_title":"Oreillers m\u00e9moire de forme : v\u00e9rit\u00e9 et id\u00e9es re\u00e7ues","og_description":"D\u00e9couvrez les avantages, inconv\u00e9nients et id\u00e9es re\u00e7ues sur l'oreiller \u00e0 m\u00e9moire de forme pour un sommeil optimal et confortable.","og_url":"https:\/\/literie.boutique\/blog\/oreiller-memoire-avantages\/","og_site_name":"Blog literie","article_published_time":"2025-12-01T14:11:47+00:00","og_image":[{"width":1536,"height":1024,"url":"https:\/\/literie.boutique\/blog\/wp-content\/uploads\/2025\/12\/Oreiller-a-memoire-de-forme-avantages-inconvenients-et-idees-recues.png","type":"image\/png"}],"author":"Quentin","twitter_card":"summary_large_image","twitter_misc":{"\u00c9crit par":"Quentin","Dur\u00e9e de lecture estim\u00e9e":"8 minutes"},"schema":{"@context":"https:\/\/schema.org","@graph":[{"@type":"Article","@id":"https:\/\/literie.boutique\/blog\/oreiller-memoire-avantages\/#article","isPartOf":{"@id":"https:\/\/literie.boutique\/blog\/oreiller-memoire-avantages\/"},"author":{"name":"Quentin","@id":"https:\/\/literie.boutique\/blog\/#\/schema\/person\/18b20b7440db8006a7400c973f23869a"},"headline":"Oreiller \u00e0 m\u00e9moire de forme\u00a0: avantages, inconv\u00e9nients et id\u00e9es re\u00e7ues","datePublished":"2025-12-01T14:11:47+00:00","mainEntityOfPage":{"@id":"https:\/\/literie.boutique\/blog\/oreiller-memoire-avantages\/"},"wordCount":1689,"commentCount":0,"image":{"@id":"https:\/\/literie.boutique\/blog\/oreiller-memoire-avantages\/#primaryimage"},"thumbnailUrl":"https:\/\/literie.boutique\/blog\/wp-content\/uploads\/2025\/12\/Oreiller-a-memoire-de-forme-avantages-inconvenients-et-idees-recues.png","inLanguage":"fr-FR","potentialAction":[{"@type":"CommentAction","name":"Comment","target":["https:\/\/literie.boutique\/blog\/oreiller-memoire-avantages\/#respond"]}]},{"@type":"WebPage","@id":"https:\/\/literie.boutique\/blog\/oreiller-memoire-avantages\/","url":"https:\/\/literie.boutique\/blog\/oreiller-memoire-avantages\/","name":"Oreillers m\u00e9moire de forme : v\u00e9rit\u00e9 et id\u00e9es re\u00e7ues","isPartOf":{"@id":"https:\/\/literie.boutique\/blog\/#website"},"primaryImageOfPage":{"@id":"https:\/\/literie.boutique\/blog\/oreiller-memoire-avantages\/#primaryimage"},"image":{"@id":"https:\/\/literie.boutique\/blog\/oreiller-memoire-avantages\/#primaryimage"},"thumbnailUrl":"https:\/\/literie.boutique\/blog\/wp-content\/uploads\/2025\/12\/Oreiller-a-memoire-de-forme-avantages-inconvenients-et-idees-recues.png","datePublished":"2025-12-01T14:11:47+00:00","author":{"@id":"https:\/\/literie.boutique\/blog\/#\/schema\/person\/18b20b7440db8006a7400c973f23869a"},"description":"D\u00e9couvrez les avantages, inconv\u00e9nients et id\u00e9es re\u00e7ues sur l'oreiller \u00e0 m\u00e9moire de forme pour un sommeil optimal et confortable.","breadcrumb":{"@id":"https:\/\/literie.boutique\/blog\/oreiller-memoire-avantages\/#breadcrumb"},"inLanguage":"fr-FR","potentialAction":[{"@type":"ReadAction","target":["https:\/\/literie.boutique\/blog\/oreiller-memoire-avantages\/"]}]},{"@type":"ImageObject","inLanguage":"fr-FR","@id":"https:\/\/literie.boutique\/blog\/oreiller-memoire-avantages\/#primaryimage","url":"https:\/\/literie.boutique\/blog\/wp-content\/uploads\/2025\/12\/Oreiller-a-memoire-de-forme-avantages-inconvenients-et-idees-recues.png","contentUrl":"https:\/\/literie.boutique\/blog\/wp-content\/uploads\/2025\/12\/Oreiller-a-memoire-de-forme-avantages-inconvenients-et-idees-recues.png","width":1536,"height":1024,"caption":"d\u00e9couvrez les avantages, inconv\u00e9nients et id\u00e9es re\u00e7ues sur l'oreiller \u00e0 m\u00e9moire de forme pour am\u00e9liorer votre confort et votre sommeil."},{"@type":"BreadcrumbList","@id":"https:\/\/literie.boutique\/blog\/oreiller-memoire-avantages\/#breadcrumb","itemListElement":[{"@type":"ListItem","position":1,"name":"Accueil","item":"https:\/\/literie.boutique\/blog\/"},{"@type":"ListItem","position":2,"name":"Oreiller \u00e0 m\u00e9moire de forme\u00a0: avantages, inconv\u00e9nients et id\u00e9es re\u00e7ues"}]},{"@type":"WebSite","@id":"https:\/\/literie.boutique\/blog\/#website","url":"https:\/\/literie.boutique\/blog\/","name":"Blog literie","description":"","potentialAction":[{"@type":"SearchAction","target":{"@type":"EntryPoint","urlTemplate":"https:\/\/literie.boutique\/blog\/?s={search_term_string}"},"query-input":{"@type":"PropertyValueSpecification","valueRequired":true,"valueName":"search_term_string"}}],"inLanguage":"fr-FR"},{"@type":"Person","@id":"https:\/\/literie.boutique\/blog\/#\/schema\/person\/18b20b7440db8006a7400c973f23869a","name":"Quentin","image":{"@type":"ImageObject","inLanguage":"fr-FR","@id":"https:\/\/secure.gravatar.com\/avatar\/41fdb4b53b53b73264d00c34f36d500658ce5d38b749a6be639259016cc951ea?s=96&d=mm&r=g","url":"https:\/\/secure.gravatar.com\/avatar\/41fdb4b53b53b73264d00c34f36d500658ce5d38b749a6be639259016cc951ea?s=96&d=mm&r=g","contentUrl":"https:\/\/secure.gravatar.com\/avatar\/41fdb4b53b53b73264d00c34f36d500658ce5d38b749a6be639259016cc951ea?s=96&d=mm&r=g","caption":"Quentin"},"description":"Quentin a 15 ans d\u2019exp\u00e9rience dans le domaine de la literie et du sommeil. Passionn\u00e9 par le sujet, il s\u2019est form\u00e9 en continu sur les nouveaut\u00e9s (technologies de matelas, ergonomie, mat\u00e9riaux innovants) et a m\u00eame suivi des modules en ergonomie du sommeil.","sameAs":["https:\/\/literie.boutique\/blog"],"url":"https:\/\/literie.boutique\/blog\/author\/domaineswebnotoriete-com\/"}]}},"_links":{"self":[{"href":"https:\/\/literie.boutique\/blog\/wp-json\/wp\/v2\/posts\/402","targetHints":{"allow":["GET"]}}],"collection":[{"href":"https:\/\/literie.boutique\/blog\/wp-json\/wp\/v2\/posts"}],"about":[{"href":"https:\/\/literie.boutique\/blog\/wp-json\/wp\/v2\/types\/post"}],"author":[{"embeddable":true,"href":"https:\/\/literie.boutique\/blog\/wp-json\/wp\/v2\/users\/1"}],"replies":[{"embeddable":true,"href":"https:\/\/literie.boutique\/blog\/wp-json\/wp\/v2\/comments?post=402"}],"version-history":[{"count":0,"href":"https:\/\/literie.boutique\/blog\/wp-json\/wp\/v2\/posts\/402\/revisions"}],"wp:featuredmedia":[{"embeddable":true,"href":"https:\/\/literie.boutique\/blog\/wp-json\/wp\/v2\/media\/400"}],"wp:attachment":[{"href":"https:\/\/literie.boutique\/blog\/wp-json\/wp\/v2\/media?parent=402"}],"wp:term":[{"taxonomy":"category","embeddable":true,"href":"https:\/\/literie.boutique\/blog\/wp-json\/wp\/v2\/categories?post=402"},{"taxonomy":"post_tag","embeddable":true,"href":"https:\/\/literie.boutique\/blog\/wp-json\/wp\/v2\/tags?post=402"}],"curies":[{"name":"wp","href":"https:\/\/api.w.org\/{rel}","templated":true}]}}