{"id":388,"date":"2025-11-03T09:26:55","date_gmt":"2025-11-03T08:26:55","guid":{"rendered":"https:\/\/literie.boutique\/blog\/matelas-classique-sommier-electrique\/"},"modified":"2025-11-03T09:26:55","modified_gmt":"2025-11-03T08:26:55","slug":"matelas-classique-sommier-electrique","status":"publish","type":"post","link":"https:\/\/literie.boutique\/blog\/matelas-classique-sommier-electrique\/","title":{"rendered":"Peut-on utiliser un matelas classique sur un sommier \u00e9lectrique\u00a0?"},"content":{"rendered":"<p>Le doute s\u2019immisce vite lorsqu\u2019on songe \u00e0 moderniser sa chambre\u00a0: un lit \u00e9lectrique, c\u2019est le r\u00eave, mais faut-il revoir tout l\u2019\u00e9quipement, ou un matelas classique tient-il la route sur ce type de sommier\u00a0? De nombreux dormeurs d\u00e9couvrent le plaisir de la relaxation motoris\u00e9e et h\u00e9sitent sur la compatibilit\u00e9 de leur matelas actuel. Pour ne pas transformer chaque soir\u00e9e en gymnastique de matelas\u2026 et garantir des nuits vraiment r\u00e9paratrices, il vaut mieux se pencher sur la question avant l\u2019achat. Une bonne nouvelle\u00a0: les r\u00e9ponses sont simples, les choix, clairs\u2026 et toutes les envies trouvent leur place. Voici tout ce qu\u2019il faut savoir pour matcher lit \u00e9lectrique et matelas, sans mauvaise surprise ni regret le lendemain matin.<\/p>\n\n<figure class=\"wp-block-image size-full\"><img fetchpriority=\"high\" decoding=\"async\" width=\"1344\" height=\"768\" src=\"https:\/\/literie.boutique\/blog\/wp-content\/uploads\/2025\/11\/Peut-on-utiliser-un-matelas-classique-sur-un-sommier-electrique-1-1.jpg\" alt=\"d\u00e9couvrez s&#039;il est possible d&#039;utiliser un matelas classique sur un sommier \u00e9lectrique, les risques potentiels et les conseils pour une literie adapt\u00e9e \u00e0 votre confort et \u00e0 la long\u00e9vit\u00e9 de votre matelas.\" class=\"wp-image-387\" srcset=\"https:\/\/literie.boutique\/blog\/wp-content\/uploads\/2025\/11\/Peut-on-utiliser-un-matelas-classique-sur-un-sommier-electrique-1-1.jpg 1344w, https:\/\/literie.boutique\/blog\/wp-content\/uploads\/2025\/11\/Peut-on-utiliser-un-matelas-classique-sur-un-sommier-electrique-1-1-300x171.jpg 300w, https:\/\/literie.boutique\/blog\/wp-content\/uploads\/2025\/11\/Peut-on-utiliser-un-matelas-classique-sur-un-sommier-electrique-1-1-1024x585.jpg 1024w, https:\/\/literie.boutique\/blog\/wp-content\/uploads\/2025\/11\/Peut-on-utiliser-un-matelas-classique-sur-un-sommier-electrique-1-1-768x439.jpg 768w\" sizes=\"(max-width: 1344px) 100vw, 1344px\" \/><\/figure>\n\n<h2 class=\"wp-block-heading\">Matelas classique sur sommier \u00e9lectrique : ce qu\u2019il faut savoir pour \u00e9viter les erreurs d\u2019association<\/h2>\n\n<p>La combinaison matelas-sommier \u00e9lectrique n\u2019est pas une \u00e9vidence, car tous les matelas ne sont pas con\u00e7us pour fl\u00e9chir et reprendre leur forme, encore moins pour durer sous tension r\u00e9p\u00e9t\u00e9e. Un matelas traditionnel, \u00e7a va sur un sommier tapissier ou \u00e0 lattes fixes \u2013 c\u2019est le sch\u00e9ma classique. D\u00e8s que le sommier devient articul\u00e9 et motoris\u00e9, le choix du matelas doit \u00e9voluer en cons\u00e9quence pour rester fonctionnel et confortable dans toutes les positions.<\/p>\n\n<ul class=\"wp-block-list\"><li><strong>Souplesse et \u00e9lasticit\u00e9<\/strong>\u00a0: Un matelas destin\u00e9 \u00e0 un sommier \u00e9lectrique doit pouvoir se courber sans casser ni s\u2019affaisser, id\u00e9alement gr\u00e2ce \u00e0 une mousse, du latex ou de la mousse \u00e0 m\u00e9moire de forme.<\/li><li><strong>\u00c9paisseur adapt\u00e9e<\/strong>\u00a0: Trop \u00e9pais, il r\u00e9siste mal au mouvement\u00a0; trop fin, il manque de soutien\u2026 La morphologie du dormeur oriente le choix (\u00e0 voir dans le tableau plus bas).<\/li><li><strong>Ind\u00e9pendance de couchage<\/strong>\u00a0: En lit double, le duo sommier \u00e9lectrique et deux matelas une place reste la r\u00e9f\u00e9rence pour que chacun r\u00e8gle sa position \u00e0 loisir, sans r\u00e9veiller l\u2019autre.<\/li><li><strong>Matelas \u00e0 proscrire<\/strong>\u00a0: Les mod\u00e8les \u00e0 ressorts (m\u00eame ensach\u00e9s Simmons ou Epeda) ne conviennent pas \u2013 ils n\u2019aiment ni la flexion ni la r\u00e9p\u00e9tition du pliage.<\/li><li><strong>Qualit\u00e9 de l\u2019a\u00e9ration<\/strong>\u00a0: Essentielle, car un sommier \u00e9lectrique est souvent recouvert et la ventilation du couchage doit rester optimale (on pense \u00e0 la sant\u00e9 de votre matelas sur le long terme).<\/li><\/ul>\n\n<figure class=\"wp-block-table\"><table>\n<thead>\n<tr>\n<th>Type de matelas<\/th>\n<th>Compatible sommier \u00e9lectrique ?<\/th>\n<th>Pourquoi ?<\/th>\n<\/tr>\n<\/thead>\n<tbody>\n<tr>\n<td>Matelas mousse haute r\u00e9silience (Bultex, Emma, Tediber)<\/td>\n<td>Oui<\/td>\n<td>Souplesse et flexibilit\u00e9 naturelle, bon maintien.<\/td>\n<\/tr>\n<tr>\n<td>Matelas mousse \u00e0 m\u00e9moire de forme (Tempur, Hypnia)<\/td>\n<td>Oui (\u00e9paisseur adapt\u00e9e)<\/td>\n<td>\u00c9pouse parfaitement les positions, r\u00e9duit les points de pression.<\/td>\n<\/tr>\n<tr>\n<td>Matelas latex (Dunlopillo, Andr\u00e9 Renault)<\/td>\n<td>Oui<\/td>\n<td>Tr\u00e8s grande \u00e9lasticit\u00e9, bonne long\u00e9vit\u00e9.<\/td>\n<\/tr>\n<tr>\n<td>Matelas \u00e0 ressorts (Epeda, Simmons, Sealy)<\/td>\n<td>Non<\/td>\n<td>Structure rigide, ne supporte pas les d\u00e9formations fr\u00e9quentes.<\/td>\n<\/tr>\n<tr>\n<td>Matelas hybride (Emma, Simmons)<\/td>\n<td>Non recommand\u00e9<\/td>\n<td>Certains hybrides manquent de souplesse pour suivre le mouvement.<\/td>\n<\/tr>\n<\/tbody>\n<\/table><\/figure>\n\n<p>Pour pousser les recherches\u00a0: <a href=\"https:\/\/literie.boutique\/blog\/matelas-hybride-choix\/\">les hybrides et leur compatibilit\u00e9<\/a>\u00a0; <a href=\"https:\/\/literie.boutique\/blog\/matelas-ressorts-ensaches\/\">les ressorts ensach\u00e9s sous toutes leurs formes<\/a>.<\/p>\n\n<h3 class=\"wp-block-heading\">Pourquoi le matelas \u00e0 ressorts n\u2019est pas le bon candidat\u00a0?<\/h3>\n\n<p>L\u2019id\u00e9e peut surprendre au premier abord, tant les matelas \u00e0 ressorts symbolisent longtemps la robustesse. Pourtant, face \u00e0 un sommier \u00e9lectrique, ils plient et trahissent\u2026 Litt\u00e9ralement. Quand on active le moteur et que la literie s\u2019incline, les ressorts \u2013 m\u00eame ensach\u00e9s \u2013 se d\u00e9salignent, perdant leur efficacit\u00e9 et parfois m\u00eame, leur structure interne\u00a0: le confort s\u2019effondre et la dur\u00e9e de vie du matelas s\u2019envole. Le t\u00e9moignage est courant : \u00ab\u00a0Apr\u00e8s six mois, des bruits de ferraille\u2026 et de dr\u00f4les de bosses sous le dos.\u00a0\u00bb Un matelas ressorts, m\u00eame griff\u00e9 Epeda ou Sealy, n\u2019est donc jamais une valeur s\u00fbre sur un sommier de relaxation.<\/p>\n\n<ul class=\"wp-block-list\"><li><a href=\"https:\/\/literie.boutique\/blog\/avantages-inconvenients-matelas\/\">Comparer les avantages des mousses, ressorts et latex<\/a><\/li><\/ul>\n\n<h2 class=\"wp-block-heading\">Quelles mati\u00e8res privil\u00e9gier pour un matelas adapt\u00e9 \u00e0 un lit \u00e9lectrique\u00a0?<\/h2>\n\n<p>\u00c0 chaque mati\u00e8re, son comportement\u00a0! Les fabricants tels que Bultex, Emma, Tediber ou Tempur jouent sur la technicit\u00e9 des mousses et latex pour garantir souplesse et flexibilit\u00e9, sans compromis sur la tenue ou la ventilation. C\u00f4t\u00e9 confort, la mousse \u00e0 m\u00e9moire de forme \u2013 cette mousse visco\u00e9lastique pris\u00e9e pour ses propri\u00e9t\u00e9s enveloppantes \u2013 \u00e9pouse la morphologie du corps et suit les mouvements du sommier, offrant un accueil moelleux et une r\u00e9duction significative des points de pression, m\u00eame apr\u00e8s plusieurs inclinaisons nocturnes.<\/p>\n\n<ul class=\"wp-block-list\"><li><strong>Mousse polyur\u00e9thane<\/strong>\u00a0: Excellente r\u00e9silience et bon rapport qualit\u00e9-prix. Grand classique du matelas \u00e9lectrique Bultex ou Emma.<\/li><li><strong>Mousse \u00e0 m\u00e9moire de forme<\/strong> (Tempur, Hypnia, Emma)\u00a0: Confort enveloppant, id\u00e9al pour les dormeurs avec douleurs chroniques ou d\u00e9sireux de dormir \u00ab\u00a0en apesanteur\u00a0\u00bb.<\/li><li><strong>Latex<\/strong> (Andr\u00e9 Renault, Dunlopillo, Tediber)\u00a0: Alliance \u00e9lasticit\u00e9-durabilit\u00e9, r\u00e9siste vaillamment aux changements de position \u2013 un choix haut de gamme, souvent in\u00e9gal\u00e9.<\/li><\/ul>\n\n<figure class=\"wp-block-table\"><table>\n<thead>\n<tr>\n<th>Mati\u00e8re<\/th>\n<th>Principaux avantages<\/th>\n<th>Marques phares<\/th>\n<th>Densit\u00e9 conseill\u00e9e<\/th>\n<\/tr>\n<\/thead>\n<tbody>\n<tr>\n<td>Mousse polyur\u00e9thane<\/td>\n<td>Flexible, abordable, l\u00e9ger<\/td>\n<td>Bultex, Emma, Tediber<\/td>\n<td>30 \u00e0 50 kg\/m\u00b3<\/td>\n<\/tr>\n<tr>\n<td>Mousse \u00e0 m\u00e9moire de forme<\/td>\n<td>Suppression des points de pression, sensation d\u2019apesanteur<\/td>\n<td>Tempur, Hypnia, Emma<\/td>\n<td>50 \u00e0 80 kg\/m\u00b3<\/td>\n<\/tr>\n<tr>\n<td>Latex naturel<\/td>\n<td>Souple et a\u00e9r\u00e9, grande long\u00e9vit\u00e9<\/td>\n<td>Andr\u00e9 Renault, Dunlopillo<\/td>\n<td>65 \u00e0 85 kg\/m\u00b3<\/td>\n<\/tr>\n<\/tbody>\n<\/table><\/figure>\n\n<p>Pr\u00eat \u00e0 aller plus loin c\u00f4t\u00e9 technicit\u00e9\u00a0? Consultez le guide sur la <a href=\"https:\/\/literie.boutique\/blog\/densite-matelas-qualite\/\">densit\u00e9 et la qualit\u00e9 des mousses<\/a>.<\/p>\n\n<h3 class=\"wp-block-heading\">Quels crit\u00e8res pour choisir l\u2019\u00e9paisseur de son matelas \u00e9lectrique ?<\/h3>\n\n<p>L\u2019\u00e9paisseur fait toute la diff\u00e9rence d\u00e8s que le sommier s\u2019actionne. Un matelas trop \u00e9pais\u00a0\u2014 au-del\u00e0 de 30\u00a0cm \u2014 perd en maniabilit\u00e9\u00a0; trop fin, il s\u2019affaisse et ne soutient plus ni le dos ni les jambes. La r\u00e8gle d\u2019or\u00a0: adapter l\u2019\u00e9paisseur au poids du dormeur.<\/p>\n\n<ul class=\"wp-block-list\"><li>Moins de 60\u00a0kg\u00a0: 20\u00a0cm d\u2019\u00e9paisseur suffisent.<\/li><li>De 60 \u00e0 90\u00a0kg\u00a0: 20 \u00e0 25\u00a0cm, pour assurer confort et soutien.<\/li><li>Plus de 90\u00a0kg\u00a0: 25 \u00e0 30\u00a0cm, indispensable \u00e0 la tenue et \u00e0 la solidit\u00e9 dans la dur\u00e9e.<\/li><\/ul>\n\n<figure class=\"wp-block-table\"><table>\n<thead>\n<tr>\n<th>Poids du dormeur<\/th>\n<th>\u00c9paisseur conseill\u00e9e<\/th>\n<th>Exemple de mod\u00e8les<\/th>\n<\/tr>\n<\/thead>\n<tbody>\n<tr>\n<td>&lt; 60 kg<\/td>\n<td>20 cm<\/td>\n<td>Emma Original, Bultex Nano<\/td>\n<\/tr>\n<tr>\n<td>60\u201390 kg<\/td>\n<td>20 \u00e0 25 cm<\/td>\n<td>Tediber Incroyable Matelas, Tempur Sensation<\/td>\n<\/tr>\n<tr>\n<td>&gt; 90 kg<\/td>\n<td>25 \u00e0 30 cm<\/td>\n<td>Hypnia Bien-\u00eatre Supr\u00eame, Andr\u00e9 Renault Latex Evolution<\/td>\n<\/tr>\n<\/tbody>\n<\/table><\/figure>\n\n<p>Pour explorer d\u2019autres crit\u00e8res selon sa morphologie ou son mode de vie\u00a0: <a href=\"https:\/\/literie.boutique\/blog\/matelas-forte-corpulence\/\">choisir un matelas adapt\u00e9 \u00e0 sa corpulence<\/a>.<\/p>\n\n<h2 class=\"wp-block-heading\">Entretenir, accessoiriser et optimiser son matelas \u00e9lectrique\u00a0: astuces pour une literie durable<\/h2>\n\n<p>On ne s\u2019en doute pas toujours, mais bien entretenir et accessoiriser son matelas prolonge la fra\u00eecheur du sommeil comme la long\u00e9vit\u00e9 du produit. Passer l\u2019aspirateur avec pr\u00e9caution, investir dans un prot\u00e8ge-matelas respirant\u00a0(et pourquoi pas une al\u00e8se adapt\u00e9e, \u00e0 voir dans <a href=\"https:\/\/literie.boutique\/blog\/difference-alese-protege-matelas\/\">cette comparaison utile<\/a>), sont loin d\u2019\u00eatre des d\u00e9tails\u00a0: l\u2019hygi\u00e8ne s\u2019en ressent sur le confort et la r\u00e9sistance du matelas face aux ann\u00e9es.<\/p>\n\n<ul class=\"wp-block-list\"><li><strong>Nettoyer r\u00e9guli\u00e8rement<\/strong>\u00a0: Avec embout souple, rien que la poussi\u00e8re et les miettes, sans d\u00e9grader la mousse.<\/li><li><strong>Agir vite sur les taches<\/strong>\u00a0: M\u00e9lange aqueux doux, produits sp\u00e9cifiques pour ne pas agresser ou alt\u00e9rer le garnissage.<\/li><li><strong>Prot\u00e9ger<\/strong>\u00a0: Un prot\u00e8ge-matelas ou surmatelas de qualit\u00e9 emp\u00eache l\u2019humidit\u00e9 de p\u00e9n\u00e9trer et ralentit l\u2019usure, sans g\u00eaner la flexion du lit.<\/li><li><strong>Respiration optimale<\/strong>\u00a0: Un mod\u00e8le en eucalyptus ou en fibre naturelle assure une a\u00e9ration constante malgr\u00e9 des nuits agit\u00e9es.<\/li><li><strong>Rotation et a\u00e9ration<\/strong>\u00a0: Intervertir r\u00e9guli\u00e8rement t\u00eate et pieds, ouvrir la fen\u00eatre le matin \u2013 autant de bons r\u00e9flexes \u00e0 garder.<\/li><\/ul>\n\n<figure class=\"wp-block-table\"><table>\n<thead>\n<tr>\n<th>Entretien<\/th>\n<th>Fr\u00e9quence<\/th>\n<th>B\u00e9n\u00e9fice<\/th>\n<\/tr>\n<\/thead>\n<tbody>\n<tr>\n<td>Aspiration d\u00e9licate<\/td>\n<td>1 x toutes les 2 semaines<\/td>\n<td>\u00c9limination des poussi\u00e8res\/acarien<\/td>\n<\/tr>\n<tr>\n<td>Traitement imm\u00e9diat des taches<\/td>\n<td>Au besoin<\/td>\n<td>Propret\u00e9 garantie, garnissage pr\u00e9serv\u00e9<\/td>\n<\/tr>\n<tr>\n<td>Rotation du matelas<\/td>\n<td>2-4 x\/an<\/td>\n<td>Allongement dur\u00e9e de vie, maintien de la forme<\/td>\n<\/tr>\n<tr>\n<td>Prot\u00e9ger avec al\u00e8se ou surmatelas<\/td>\n<td>Permanente<\/td>\n<td>Hygi\u00e8ne, protection contre l\u2019humidit\u00e9<\/td>\n<\/tr>\n<\/tbody>\n<\/table><\/figure>\n\n<p>Un guide compl\u00e9mentaire\u00a0: <a href=\"https:\/\/literie.boutique\/blog\/nettoyer-matelas-moisi\/\">d\u00e9sinfecter en profondeur son matelas<\/a> et <a href=\"https:\/\/literie.boutique\/blog\/utilite-surmatelas\/\">l\u2019utilit\u00e9 r\u00e9elle du surmatelas<\/a> sur sommier \u00e9lectrique.<\/p>\n\n<h3 class=\"wp-block-heading\">Peut-on ajouter un surmatelas et dans quelles conditions\u00a0?<\/h3>\n\n<p>Le surmatelas a la cote\u2026 mais une question subsiste\u00a0: va-t-il g\u00eaner le mouvement du sommier\u00a0? Quand il est respirant et bien ajust\u00e9, aucun souci. Privil\u00e9gier le mod\u00e8le fin et surtout stable pour \u00e9viter qu\u2019il glisse pendant les manipulations est une astuce souvent recommand\u00e9e en magasin.<\/p>\n\n<ul class=\"wp-block-list\"><li>Assurez-vous que l\u2019\u00e9paisseur du surmatelas reste mod\u00e9r\u00e9e (5-8\u00a0cm maximum).<\/li><li>Pr\u00e9f\u00e9rez les mati\u00e8res respirantes \u2013 mousse \u00e0 m\u00e9moire de forme ou latex micro-perfor\u00e9.<\/li><li>V\u00e9rifiez la compatibilit\u00e9 des dimensions : pour deux couchages ind\u00e9pendants, optez pour deux surmatelas s\u00e9par\u00e9s.<\/li><li>Si le matelas n&rsquo;est pas r\u00e9versible, l&rsquo;int\u00e9r\u00eat du surmatelas s&rsquo;accro\u00eet\u00a0: il joue le r\u00f4le de couche interm\u00e9diaire et booste le confort.<\/li><li>Certains mod\u00e8les proposent des sangles de fixation pratiques pour ne jamais d\u00e9crocher \u00e0 minuit (test\u00e9 et approuv\u00e9 par les assidus du lit \u00e9lectrique).<\/li><\/ul>\n\n<figure class=\"wp-block-table\"><table>\n<thead>\n<tr>\n<th>Type de surmatelas<\/th>\n<th>Compatibilit\u00e9<\/th>\n<th>Effet recherch\u00e9<\/th>\n<\/tr>\n<\/thead>\n<tbody>\n<tr>\n<td>Mousse m\u00e9moire de forme<\/td>\n<td>Oui<\/td>\n<td>All\u00e8gement des points de pression, accueil douillet<\/td>\n<\/tr>\n<tr>\n<td>Latex ventil\u00e9<\/td>\n<td>Oui<\/td>\n<td>Respirant, soutien tonique<\/td>\n<\/tr>\n<tr>\n<td>Surmatelas \u00e0 plumes<\/td>\n<td>Non conseill\u00e9<\/td>\n<td>Glisse, perd en stabilit\u00e9 lors des mouvements<\/td>\n<\/tr>\n<\/tbody>\n<\/table><\/figure>\n\n<p>Pour ceux tent\u00e9s, un vrai retour d\u2019exp\u00e9rience sur l\u2019int\u00e9r\u00eat du surmatelas est disponible juste ici\u00a0: <a href=\"https:\/\/literie.boutique\/blog\/utilite-surmatelas\/\">tout savoir sur l&rsquo;usage du surmatelas<\/a>.<\/p>\n\n","protected":false},"excerpt":{"rendered":"<p>Le doute s\u2019immisce vite lorsqu\u2019on songe \u00e0 moderniser sa chambre\u00a0: un lit \u00e9lectrique, c\u2019est le r\u00eave, mais faut-il revoir tout l\u2019\u00e9quipement, ou un matelas classique tient-il la route sur ce type de sommier\u00a0? De nombreux dormeurs d\u00e9couvrent le plaisir de la relaxation motoris\u00e9e et h\u00e9sitent sur la compatibilit\u00e9 de leur matelas actuel. Pour ne pas [&hellip;]<\/p>\n","protected":false},"author":1,"featured_media":386,"comment_status":"open","ping_status":"open","sticky":false,"template":"","format":"standard","meta":{"_eb_attr":"","footnotes":""},"categories":[1],"tags":[],"class_list":["post-388","post","type-post","status-publish","format-standard","has-post-thumbnail","hentry","category-non-classe"],"yoast_head":"<!-- This site is optimized with the Yoast SEO plugin v27.4 - https:\/\/yoast.com\/product\/yoast-seo-wordpress\/ -->\n<title>Matelas classique et sommier \u00e9lectrique : duo compatible ou \u00e0 \u00e9viter\u202f?<\/title>\n<meta name=\"description\" content=\"D\u00e9couvrez si un matelas classique est compatible avec un sommier \u00e9lectrique et les conseils pour optimiser confort et long\u00e9vit\u00e9 de votre literie.\" \/>\n<meta name=\"robots\" content=\"index, follow, max-snippet:-1, max-image-preview:large, max-video-preview:-1\" \/>\n<link rel=\"canonical\" href=\"https:\/\/literie.boutique\/blog\/matelas-classique-sommier-electrique\/\" \/>\n<meta property=\"og:locale\" content=\"fr_FR\" \/>\n<meta property=\"og:type\" content=\"article\" \/>\n<meta property=\"og:title\" content=\"Matelas classique et sommier \u00e9lectrique : duo compatible ou \u00e0 \u00e9viter\u202f?\" \/>\n<meta property=\"og:description\" content=\"D\u00e9couvrez si un matelas classique est compatible avec un sommier \u00e9lectrique et les conseils pour optimiser confort et long\u00e9vit\u00e9 de votre literie.\" \/>\n<meta property=\"og:url\" content=\"https:\/\/literie.boutique\/blog\/matelas-classique-sommier-electrique\/\" \/>\n<meta property=\"og:site_name\" content=\"Blog literie\" \/>\n<meta property=\"article:published_time\" content=\"2025-11-03T08:26:55+00:00\" \/>\n<meta property=\"og:image\" content=\"https:\/\/literie.boutique\/blog\/wp-content\/uploads\/2025\/11\/Peut-on-utiliser-un-matelas-classique-sur-un-sommier-electrique-.jpg\" \/>\n\t<meta property=\"og:image:width\" content=\"1344\" \/>\n\t<meta property=\"og:image:height\" content=\"768\" \/>\n\t<meta property=\"og:image:type\" content=\"image\/jpeg\" \/>\n<meta name=\"author\" content=\"Quentin\" \/>\n<meta name=\"twitter:card\" content=\"summary_large_image\" \/>\n<meta name=\"twitter:label1\" content=\"\u00c9crit par\" \/>\n\t<meta name=\"twitter:data1\" content=\"Quentin\" \/>\n\t<meta name=\"twitter:label2\" content=\"Dur\u00e9e de lecture estim\u00e9e\" \/>\n\t<meta name=\"twitter:data2\" content=\"8 minutes\" \/>\n<script type=\"application\/ld+json\" class=\"yoast-schema-graph\">{\"@context\":\"https:\\\/\\\/schema.org\",\"@graph\":[{\"@type\":\"Article\",\"@id\":\"https:\\\/\\\/literie.boutique\\\/blog\\\/matelas-classique-sommier-electrique\\\/#article\",\"isPartOf\":{\"@id\":\"https:\\\/\\\/literie.boutique\\\/blog\\\/matelas-classique-sommier-electrique\\\/\"},\"author\":{\"name\":\"Quentin\",\"@id\":\"https:\\\/\\\/literie.boutique\\\/blog\\\/#\\\/schema\\\/person\\\/18b20b7440db8006a7400c973f23869a\"},\"headline\":\"Peut-on utiliser un matelas classique sur un sommier \u00e9lectrique\u00a0?\",\"datePublished\":\"2025-11-03T08:26:55+00:00\",\"mainEntityOfPage\":{\"@id\":\"https:\\\/\\\/literie.boutique\\\/blog\\\/matelas-classique-sommier-electrique\\\/\"},\"wordCount\":1519,\"commentCount\":0,\"image\":{\"@id\":\"https:\\\/\\\/literie.boutique\\\/blog\\\/matelas-classique-sommier-electrique\\\/#primaryimage\"},\"thumbnailUrl\":\"https:\\\/\\\/literie.boutique\\\/blog\\\/wp-content\\\/uploads\\\/2025\\\/11\\\/Peut-on-utiliser-un-matelas-classique-sur-un-sommier-electrique-.jpg\",\"inLanguage\":\"fr-FR\",\"potentialAction\":[{\"@type\":\"CommentAction\",\"name\":\"Comment\",\"target\":[\"https:\\\/\\\/literie.boutique\\\/blog\\\/matelas-classique-sommier-electrique\\\/#respond\"]}]},{\"@type\":\"WebPage\",\"@id\":\"https:\\\/\\\/literie.boutique\\\/blog\\\/matelas-classique-sommier-electrique\\\/\",\"url\":\"https:\\\/\\\/literie.boutique\\\/blog\\\/matelas-classique-sommier-electrique\\\/\",\"name\":\"Matelas classique et sommier \u00e9lectrique : duo compatible ou \u00e0 \u00e9viter\u202f?\",\"isPartOf\":{\"@id\":\"https:\\\/\\\/literie.boutique\\\/blog\\\/#website\"},\"primaryImageOfPage\":{\"@id\":\"https:\\\/\\\/literie.boutique\\\/blog\\\/matelas-classique-sommier-electrique\\\/#primaryimage\"},\"image\":{\"@id\":\"https:\\\/\\\/literie.boutique\\\/blog\\\/matelas-classique-sommier-electrique\\\/#primaryimage\"},\"thumbnailUrl\":\"https:\\\/\\\/literie.boutique\\\/blog\\\/wp-content\\\/uploads\\\/2025\\\/11\\\/Peut-on-utiliser-un-matelas-classique-sur-un-sommier-electrique-.jpg\",\"datePublished\":\"2025-11-03T08:26:55+00:00\",\"author\":{\"@id\":\"https:\\\/\\\/literie.boutique\\\/blog\\\/#\\\/schema\\\/person\\\/18b20b7440db8006a7400c973f23869a\"},\"description\":\"D\u00e9couvrez si un matelas classique est compatible avec un sommier \u00e9lectrique et les conseils pour optimiser confort et long\u00e9vit\u00e9 de votre literie.\",\"breadcrumb\":{\"@id\":\"https:\\\/\\\/literie.boutique\\\/blog\\\/matelas-classique-sommier-electrique\\\/#breadcrumb\"},\"inLanguage\":\"fr-FR\",\"potentialAction\":[{\"@type\":\"ReadAction\",\"target\":[\"https:\\\/\\\/literie.boutique\\\/blog\\\/matelas-classique-sommier-electrique\\\/\"]}]},{\"@type\":\"ImageObject\",\"inLanguage\":\"fr-FR\",\"@id\":\"https:\\\/\\\/literie.boutique\\\/blog\\\/matelas-classique-sommier-electrique\\\/#primaryimage\",\"url\":\"https:\\\/\\\/literie.boutique\\\/blog\\\/wp-content\\\/uploads\\\/2025\\\/11\\\/Peut-on-utiliser-un-matelas-classique-sur-un-sommier-electrique-.jpg\",\"contentUrl\":\"https:\\\/\\\/literie.boutique\\\/blog\\\/wp-content\\\/uploads\\\/2025\\\/11\\\/Peut-on-utiliser-un-matelas-classique-sur-un-sommier-electrique-.jpg\",\"width\":1344,\"height\":768,\"caption\":\"d\u00e9couvrez si un matelas classique est compatible avec un sommier \u00e9lectrique, les conseils pour pr\u00e9server votre confort et l'int\u00e9grit\u00e9 de votre literie, ainsi que les alternatives \u00e0 privil\u00e9gier pour un sommeil optimal.\"},{\"@type\":\"BreadcrumbList\",\"@id\":\"https:\\\/\\\/literie.boutique\\\/blog\\\/matelas-classique-sommier-electrique\\\/#breadcrumb\",\"itemListElement\":[{\"@type\":\"ListItem\",\"position\":1,\"name\":\"Accueil\",\"item\":\"https:\\\/\\\/literie.boutique\\\/blog\\\/\"},{\"@type\":\"ListItem\",\"position\":2,\"name\":\"Peut-on utiliser un matelas classique sur un sommier \u00e9lectrique\u00a0?\"}]},{\"@type\":\"WebSite\",\"@id\":\"https:\\\/\\\/literie.boutique\\\/blog\\\/#website\",\"url\":\"https:\\\/\\\/literie.boutique\\\/blog\\\/\",\"name\":\"Blog literie\",\"description\":\"\",\"potentialAction\":[{\"@type\":\"SearchAction\",\"target\":{\"@type\":\"EntryPoint\",\"urlTemplate\":\"https:\\\/\\\/literie.boutique\\\/blog\\\/?s={search_term_string}\"},\"query-input\":{\"@type\":\"PropertyValueSpecification\",\"valueRequired\":true,\"valueName\":\"search_term_string\"}}],\"inLanguage\":\"fr-FR\"},{\"@type\":\"Person\",\"@id\":\"https:\\\/\\\/literie.boutique\\\/blog\\\/#\\\/schema\\\/person\\\/18b20b7440db8006a7400c973f23869a\",\"name\":\"Quentin\",\"image\":{\"@type\":\"ImageObject\",\"inLanguage\":\"fr-FR\",\"@id\":\"https:\\\/\\\/secure.gravatar.com\\\/avatar\\\/41fdb4b53b53b73264d00c34f36d500658ce5d38b749a6be639259016cc951ea?s=96&d=mm&r=g\",\"url\":\"https:\\\/\\\/secure.gravatar.com\\\/avatar\\\/41fdb4b53b53b73264d00c34f36d500658ce5d38b749a6be639259016cc951ea?s=96&d=mm&r=g\",\"contentUrl\":\"https:\\\/\\\/secure.gravatar.com\\\/avatar\\\/41fdb4b53b53b73264d00c34f36d500658ce5d38b749a6be639259016cc951ea?s=96&d=mm&r=g\",\"caption\":\"Quentin\"},\"description\":\"Quentin a 15 ans d\u2019exp\u00e9rience dans le domaine de la literie et du sommeil. Passionn\u00e9 par le sujet, il s\u2019est form\u00e9 en continu sur les nouveaut\u00e9s (technologies de matelas, ergonomie, mat\u00e9riaux innovants) et a m\u00eame suivi des modules en ergonomie du sommeil.\",\"sameAs\":[\"https:\\\/\\\/literie.boutique\\\/blog\"],\"url\":\"https:\\\/\\\/literie.boutique\\\/blog\\\/author\\\/domaineswebnotoriete-com\\\/\"}]}<\/script>\n<!-- \/ Yoast SEO plugin. -->","yoast_head_json":{"title":"Matelas classique et sommier \u00e9lectrique : duo compatible ou \u00e0 \u00e9viter\u202f?","description":"D\u00e9couvrez si un matelas classique est compatible avec un sommier \u00e9lectrique et les conseils pour optimiser confort et long\u00e9vit\u00e9 de votre literie.","robots":{"index":"index","follow":"follow","max-snippet":"max-snippet:-1","max-image-preview":"max-image-preview:large","max-video-preview":"max-video-preview:-1"},"canonical":"https:\/\/literie.boutique\/blog\/matelas-classique-sommier-electrique\/","og_locale":"fr_FR","og_type":"article","og_title":"Matelas classique et sommier \u00e9lectrique : duo compatible ou \u00e0 \u00e9viter\u202f?","og_description":"D\u00e9couvrez si un matelas classique est compatible avec un sommier \u00e9lectrique et les conseils pour optimiser confort et long\u00e9vit\u00e9 de votre literie.","og_url":"https:\/\/literie.boutique\/blog\/matelas-classique-sommier-electrique\/","og_site_name":"Blog literie","article_published_time":"2025-11-03T08:26:55+00:00","og_image":[{"width":1344,"height":768,"url":"https:\/\/literie.boutique\/blog\/wp-content\/uploads\/2025\/11\/Peut-on-utiliser-un-matelas-classique-sur-un-sommier-electrique-.jpg","type":"image\/jpeg"}],"author":"Quentin","twitter_card":"summary_large_image","twitter_misc":{"\u00c9crit par":"Quentin","Dur\u00e9e de lecture estim\u00e9e":"8 minutes"},"schema":{"@context":"https:\/\/schema.org","@graph":[{"@type":"Article","@id":"https:\/\/literie.boutique\/blog\/matelas-classique-sommier-electrique\/#article","isPartOf":{"@id":"https:\/\/literie.boutique\/blog\/matelas-classique-sommier-electrique\/"},"author":{"name":"Quentin","@id":"https:\/\/literie.boutique\/blog\/#\/schema\/person\/18b20b7440db8006a7400c973f23869a"},"headline":"Peut-on utiliser un matelas classique sur un sommier \u00e9lectrique\u00a0?","datePublished":"2025-11-03T08:26:55+00:00","mainEntityOfPage":{"@id":"https:\/\/literie.boutique\/blog\/matelas-classique-sommier-electrique\/"},"wordCount":1519,"commentCount":0,"image":{"@id":"https:\/\/literie.boutique\/blog\/matelas-classique-sommier-electrique\/#primaryimage"},"thumbnailUrl":"https:\/\/literie.boutique\/blog\/wp-content\/uploads\/2025\/11\/Peut-on-utiliser-un-matelas-classique-sur-un-sommier-electrique-.jpg","inLanguage":"fr-FR","potentialAction":[{"@type":"CommentAction","name":"Comment","target":["https:\/\/literie.boutique\/blog\/matelas-classique-sommier-electrique\/#respond"]}]},{"@type":"WebPage","@id":"https:\/\/literie.boutique\/blog\/matelas-classique-sommier-electrique\/","url":"https:\/\/literie.boutique\/blog\/matelas-classique-sommier-electrique\/","name":"Matelas classique et sommier \u00e9lectrique : duo compatible ou \u00e0 \u00e9viter\u202f?","isPartOf":{"@id":"https:\/\/literie.boutique\/blog\/#website"},"primaryImageOfPage":{"@id":"https:\/\/literie.boutique\/blog\/matelas-classique-sommier-electrique\/#primaryimage"},"image":{"@id":"https:\/\/literie.boutique\/blog\/matelas-classique-sommier-electrique\/#primaryimage"},"thumbnailUrl":"https:\/\/literie.boutique\/blog\/wp-content\/uploads\/2025\/11\/Peut-on-utiliser-un-matelas-classique-sur-un-sommier-electrique-.jpg","datePublished":"2025-11-03T08:26:55+00:00","author":{"@id":"https:\/\/literie.boutique\/blog\/#\/schema\/person\/18b20b7440db8006a7400c973f23869a"},"description":"D\u00e9couvrez si un matelas classique est compatible avec un sommier \u00e9lectrique et les conseils pour optimiser confort et long\u00e9vit\u00e9 de votre literie.","breadcrumb":{"@id":"https:\/\/literie.boutique\/blog\/matelas-classique-sommier-electrique\/#breadcrumb"},"inLanguage":"fr-FR","potentialAction":[{"@type":"ReadAction","target":["https:\/\/literie.boutique\/blog\/matelas-classique-sommier-electrique\/"]}]},{"@type":"ImageObject","inLanguage":"fr-FR","@id":"https:\/\/literie.boutique\/blog\/matelas-classique-sommier-electrique\/#primaryimage","url":"https:\/\/literie.boutique\/blog\/wp-content\/uploads\/2025\/11\/Peut-on-utiliser-un-matelas-classique-sur-un-sommier-electrique-.jpg","contentUrl":"https:\/\/literie.boutique\/blog\/wp-content\/uploads\/2025\/11\/Peut-on-utiliser-un-matelas-classique-sur-un-sommier-electrique-.jpg","width":1344,"height":768,"caption":"d\u00e9couvrez si un matelas classique est compatible avec un sommier \u00e9lectrique, les conseils pour pr\u00e9server votre confort et l'int\u00e9grit\u00e9 de votre literie, ainsi que les alternatives \u00e0 privil\u00e9gier pour un sommeil optimal."},{"@type":"BreadcrumbList","@id":"https:\/\/literie.boutique\/blog\/matelas-classique-sommier-electrique\/#breadcrumb","itemListElement":[{"@type":"ListItem","position":1,"name":"Accueil","item":"https:\/\/literie.boutique\/blog\/"},{"@type":"ListItem","position":2,"name":"Peut-on utiliser un matelas classique sur un sommier \u00e9lectrique\u00a0?"}]},{"@type":"WebSite","@id":"https:\/\/literie.boutique\/blog\/#website","url":"https:\/\/literie.boutique\/blog\/","name":"Blog literie","description":"","potentialAction":[{"@type":"SearchAction","target":{"@type":"EntryPoint","urlTemplate":"https:\/\/literie.boutique\/blog\/?s={search_term_string}"},"query-input":{"@type":"PropertyValueSpecification","valueRequired":true,"valueName":"search_term_string"}}],"inLanguage":"fr-FR"},{"@type":"Person","@id":"https:\/\/literie.boutique\/blog\/#\/schema\/person\/18b20b7440db8006a7400c973f23869a","name":"Quentin","image":{"@type":"ImageObject","inLanguage":"fr-FR","@id":"https:\/\/secure.gravatar.com\/avatar\/41fdb4b53b53b73264d00c34f36d500658ce5d38b749a6be639259016cc951ea?s=96&d=mm&r=g","url":"https:\/\/secure.gravatar.com\/avatar\/41fdb4b53b53b73264d00c34f36d500658ce5d38b749a6be639259016cc951ea?s=96&d=mm&r=g","contentUrl":"https:\/\/secure.gravatar.com\/avatar\/41fdb4b53b53b73264d00c34f36d500658ce5d38b749a6be639259016cc951ea?s=96&d=mm&r=g","caption":"Quentin"},"description":"Quentin a 15 ans d\u2019exp\u00e9rience dans le domaine de la literie et du sommeil. Passionn\u00e9 par le sujet, il s\u2019est form\u00e9 en continu sur les nouveaut\u00e9s (technologies de matelas, ergonomie, mat\u00e9riaux innovants) et a m\u00eame suivi des modules en ergonomie du sommeil.","sameAs":["https:\/\/literie.boutique\/blog"],"url":"https:\/\/literie.boutique\/blog\/author\/domaineswebnotoriete-com\/"}]}},"_links":{"self":[{"href":"https:\/\/literie.boutique\/blog\/wp-json\/wp\/v2\/posts\/388","targetHints":{"allow":["GET"]}}],"collection":[{"href":"https:\/\/literie.boutique\/blog\/wp-json\/wp\/v2\/posts"}],"about":[{"href":"https:\/\/literie.boutique\/blog\/wp-json\/wp\/v2\/types\/post"}],"author":[{"embeddable":true,"href":"https:\/\/literie.boutique\/blog\/wp-json\/wp\/v2\/users\/1"}],"replies":[{"embeddable":true,"href":"https:\/\/literie.boutique\/blog\/wp-json\/wp\/v2\/comments?post=388"}],"version-history":[{"count":0,"href":"https:\/\/literie.boutique\/blog\/wp-json\/wp\/v2\/posts\/388\/revisions"}],"wp:featuredmedia":[{"embeddable":true,"href":"https:\/\/literie.boutique\/blog\/wp-json\/wp\/v2\/media\/386"}],"wp:attachment":[{"href":"https:\/\/literie.boutique\/blog\/wp-json\/wp\/v2\/media?parent=388"}],"wp:term":[{"taxonomy":"category","embeddable":true,"href":"https:\/\/literie.boutique\/blog\/wp-json\/wp\/v2\/categories?post=388"},{"taxonomy":"post_tag","embeddable":true,"href":"https:\/\/literie.boutique\/blog\/wp-json\/wp\/v2\/tags?post=388"}],"curies":[{"name":"wp","href":"https:\/\/api.w.org\/{rel}","templated":true}]}}