{"id":373,"date":"2025-09-26T12:33:30","date_gmt":"2025-09-26T10:33:30","guid":{"rendered":"https:\/\/literie.boutique\/blog\/ancien-matelas-que-faire\/"},"modified":"2025-09-26T12:33:30","modified_gmt":"2025-09-26T10:33:30","slug":"ancien-matelas-que-faire","status":"publish","type":"post","link":"https:\/\/literie.boutique\/blog\/ancien-matelas-que-faire\/","title":{"rendered":"Que faire de son ancien matelas\u00a0?"},"content":{"rendered":"<p>S\u00e9parer sommeil r\u00e9parateur et ancien matelas n\u2019a rien d\u2019anodin. Une d\u00e9cennie, voire plus, d\u2019habitudes nocturnes, d\u2019insomnies ou de fous rires en famille pendant le petit-d\u00e9jeuner. Mais lorsque le matelas commence \u00e0 s\u2019affaisser, \u00e0 grincer, ou \u00e0 r\u00e9veiller avec des douleurs, la question surgit : que faire, concr\u00e8tement, de toute cette mati\u00e8re imposante et de son histoire ? Entre recyclage malin, don solidaire, revente intelligente ou transformation cr\u00e9ative, donner une nouvelle vie \u00e0 son vieux matelas n\u2019a jamais \u00e9t\u00e9 aussi simple. Voici des solutions pratiques, \u00e9cologiques et parfois in\u00e9dites pour \u00e9viter que cet objet du quotidien ne vienne encombrer les trottoirs\u2026 ou polluer notre plan\u00e8te. Pr\u00eat \u00e0 rendre ce dernier service \u00e0 votre literie ?<\/p>\n\n<h2 class=\"wp-block-heading\">Diverses options \u00e9cologiques quand il s\u2019agit de se s\u00e9parer d\u2019un ancien matelas<\/h2>\n\n<p>Laisser un matelas usag\u00e9 sur le bord de la route n\u2019a plus sa place en 2025. C\u2019est \u00e9vident, la conscience environnementale a fait du chemin et aujourd\u2019hui, les alternatives responsables sont \u00e0 port\u00e9e de clic. D\u2019autant plus que chaque matelas, qu\u2019il ait port\u00e9 le sceau d\u2019Eco-matelas, Emma Reprise ou Matelas Vert, cache une forte majorit\u00e9 de mat\u00e9riaux recyclables.<\/p>\n\n<figure class=\"wp-block-image size-full\"><img fetchpriority=\"high\" decoding=\"async\" width=\"1344\" height=\"768\" src=\"https:\/\/literie.boutique\/blog\/wp-content\/uploads\/2025\/09\/Que-faire-de-son-ancien-matelas-1-1.jpg\" alt=\"d\u00e9couvrez toutes les solutions pour recycler, donner ou \u00e9liminer votre ancien matelas de fa\u00e7on responsable. nos conseils pratiques pour vous d\u00e9barrasser de votre matelas usag\u00e9 en respectant l\u2019environnement.\" class=\"wp-image-372\" srcset=\"https:\/\/literie.boutique\/blog\/wp-content\/uploads\/2025\/09\/Que-faire-de-son-ancien-matelas-1-1.jpg 1344w, https:\/\/literie.boutique\/blog\/wp-content\/uploads\/2025\/09\/Que-faire-de-son-ancien-matelas-1-1-300x171.jpg 300w, https:\/\/literie.boutique\/blog\/wp-content\/uploads\/2025\/09\/Que-faire-de-son-ancien-matelas-1-1-1024x585.jpg 1024w, https:\/\/literie.boutique\/blog\/wp-content\/uploads\/2025\/09\/Que-faire-de-son-ancien-matelas-1-1-768x439.jpg 768w\" sizes=\"(max-width: 1344px) 100vw, 1344px\" \/><\/figure>\n\n<ul class=\"wp-block-list\"><li>D\u00e9poser le matelas dans une d\u00e9chetterie \u00e9quip\u00e9e pour le mobilier usag\u00e9<\/li><li>Faire appel au service d\u2019encombrants de la ville pour une collecte organis\u00e9e<\/li><li>Rep\u00e9rer une recyclerie partenaire comme Recyclage Matelas France ou Eco-matelas<\/li><li>B\u00e9n\u00e9ficier d\u2019un service de reprise \u00e0 l\u2019achat d\u2019un nouveau matelas via Emma Reprise ou Matelas Market<\/li><li>Adresser son matelas \u00e0 une fili\u00e8re de revalorisation sp\u00e9cialis\u00e9e, type Recyc-Matelas<\/li><\/ul>\n\n<figure class=\"wp-block-table\"><table>\n<thead>\n<tr>\n<th>Option<\/th>\n<th>B\u00e9n\u00e9fice<\/th>\n<th>Contact\/Point d&rsquo;acc\u00e8s<\/th>\n<\/tr>\n<\/thead>\n<tbody>\n<tr>\n<td>D\u00e9chetterie<\/td>\n<td>Gratuit, respect des cycles de recyclage<\/td>\n<td>Mairie ou site internet local<\/td>\n<\/tr>\n<tr>\n<td>Encombrants<\/td>\n<td>Pratique pour les objets volumineux<\/td>\n<td>Inscription en ligne ou par t\u00e9l\u00e9phone<\/td>\n<\/tr>\n<tr>\n<td>Recyclerie<\/td>\n<td>Prise en charge professionnelle, valorisation mati\u00e8re<\/td>\n<td>Eco-matelas, Recyc-Matelas<\/td>\n<\/tr>\n<tr>\n<td>Reprise magasin<\/td>\n<td>Service cl\u00e9 en main lors d&rsquo;un achat neuf<\/td>\n<td>Emma Reprise, Matelas Market<\/td>\n<\/tr>\n<\/tbody>\n<\/table><\/figure>\n\n<p>Ce choix est d\u00e9j\u00e0 une action qui fait sens pour la plan\u00e8te : il \u00e9vite la pollution et favorise le r\u00e9emploi de mat\u00e9riaux rarement us\u00e9s jusqu\u2019\u00e0 la corde.<\/p>\n\n<h3 class=\"wp-block-heading\">Zoom sur les fili\u00e8res de recyclage sp\u00e9cialis\u00e9es<\/h3>\n\n<p>Un matelas, ce n\u2019est pas qu\u2019un amas de mousse : c\u2019est aussi de l\u2019acier, du coton, de la laine, et parfois, un peu de votre histoire. Recyc-Matelas propose un mod\u00e8le efficace o\u00f9, apr\u00e8s une \u00e9tape de d\u00e9mant\u00e8lement, chaque composant rejoint une fili\u00e8re d\u00e9di\u00e9e \u2013 les ressorts partent vers la m\u00e9tallurgie, les mousses s\u2019offrent une seconde vie dans l\u2019isolation, et certains textiles finissent m\u00eame dans l\u2019industrie automobile. \u00c9tonnant, non\u2009?<\/p>\n\n<ul class=\"wp-block-list\"><li>Le garnissage v\u00e9g\u00e9tal termine au compost ou comme isolant<\/li><li>Le bois du sommier, lui, rejoint les fili\u00e8res bois-\u00e9nergie<\/li><li>Les \u00e9quipements collect\u00e9s par Emma Reprise ou Love Your Waste b\u00e9n\u00e9ficient d\u2019une tra\u00e7abilit\u00e9 exemplaire<\/li><li>Avec la loi AGEC, la r\u00e9duction des plastiques \u00e0 usage unique lors des livraisons de literie s\u2019acc\u00e9l\u00e8re<\/li><\/ul>\n\n<figure class=\"wp-block-table\"><table>\n<thead>\n<tr>\n<th>Mat\u00e9riau<\/th>\n<th>Nouvelle utilisation<\/th>\n<\/tr>\n<\/thead>\n<tbody>\n<tr>\n<td>Mousse<\/td>\n<td>Panneaux isolants, sous-couches<\/td>\n<\/tr>\n<tr>\n<td>Ressorts<\/td>\n<td>Objets m\u00e9talliques, recyclage acier<\/td>\n<\/tr>\n<tr>\n<td>Textiles<\/td>\n<td>Nouveaux produits textiles, objets d\u00e9coratifs<\/td>\n<\/tr>\n<tr>\n<td>Laine<\/td>\n<td>Isolant thermique b\u00e2timent<\/td>\n<\/tr>\n<\/tbody>\n<\/table><\/figure>\n\n<p>En bout de ligne, jusqu\u2019\u00e0 95\u00a0% du poids total d\u2019un matelas trouve ainsi une nouvelle utilit\u00e9, \u00e9vitant des ann\u00e9es d\u2019errance en d\u00e9charge, voire une pollution persistante. Utile et responsable.<\/p>\n\n<h2 class=\"wp-block-heading\">Faire don de son matelas : un geste solidaire et responsabilisant<\/h2>\n\n<p>Il existe des matelas qui pr\u00e9sentent encore de l\u2019\u00e9lasticit\u00e9, une housse correcte et aucune trace suspecte d\u2019acariens. Dans ce cas, pourquoi ne pas les rediriger vers ceux qui en ont vraiment besoin\u00a0? Le don est doublement valorisant\u00a0: il diminue la pr\u00e9carit\u00e9 et all\u00e8ge la gestion des d\u00e9chets.<\/p>\n\n<ul class=\"wp-block-list\"><li>Emma\u00fcs assure la collecte et la redistribution \u00e0 travers ses 120 communaut\u00e9s<\/li><li>La Croix-Rouge et le Secours Populaire op\u00e8rent localement, souvent en circuit court<\/li><li>Donnez.org et RecycLivre contribuent aux cha\u00eenes de solidarit\u00e9 pour literie et mobilier<\/li><li>Love Your Waste innove en favorisant la r\u00e9utilisation responsable<\/li><\/ul>\n\n<figure class=\"wp-block-table\"><table>\n<thead>\n<tr>\n<th>Association<\/th>\n<th>Crit\u00e8res pour accepter le don<\/th>\n<th>Mode de collecte<\/th>\n<\/tr>\n<\/thead>\n<tbody>\n<tr>\n<td>Emma\u00fcs<\/td>\n<td>Matelas propre, structure stable, pas d&rsquo;infestation<\/td>\n<td>Enl\u00e8vement \u00e0 domicile ou d\u00e9p\u00f4t<\/td>\n<\/tr>\n<tr>\n<td>Donnez.org<\/td>\n<td>Matelas en \u201c\u00e9tat correct\u201d<\/td>\n<td>D\u00e9p\u00f4t dans un point relais<\/td>\n<\/tr>\n<tr>\n<td>Secours Populaire<\/td>\n<td>Hyd\u00e9ologie stricte, confort restant<\/td>\n<td>Collecte sur appel ou apport direct<\/td>\n<\/tr>\n<\/tbody>\n<\/table><\/figure>\n\n<p>Pour que la donation soit accept\u00e9e, il est vivement recommand\u00e9 de nettoyer, prot\u00e9ger et d\u2019accompagner le matelas d\u2019une preuve d\u2019achat. De quoi \u00e9viter qu\u2019il ne finisse sur une pile de vieilleries, faute de tra\u00e7abilit\u00e9.<\/p>\n\n<ul class=\"wp-block-list\"><li>Contr\u00f4lez l\u2019\u00e9tat g\u00e9n\u00e9ral<\/li><li>\u00c9liminez taches et allerg\u00e8nes<\/li><li>Munissez-vous d\u2019un ticket, d\u2019une facture ou d\u2019un re\u00e7u<\/li><\/ul>\n\n<p>Vous souhaitez d\u00e9couvrir plus largement comment choisir une literie adapt\u00e9e \u00e0 vos besoins\u202f? Jetez un \u0153il au <a href=\"https:\/\/literie.boutique\/blog\/choisir-matelas\/\">guide du choix de matelas<\/a> pour parfaire votre d\u00e9marche.<\/p>\n\n<h3 class=\"wp-block-heading\">Un impact social qui va au-del\u00e0 du simple objet<\/h3>\n\n<p>Aider une famille \u00e0 retrouver un confort de sommeil digne, c\u2019est offrir bien plus qu\u2019un matelas. Les b\u00e9n\u00e9ficiaires t\u00e9moignent souvent d\u2019un nouveau d\u00e9part, d\u2019un sommeil apais\u00e9, et d\u2019une vraie reprise de confiance. Donner, c\u2019est participer \u00e0 cette petite r\u00e9volution, \u00e0 l\u2019image des initiatives relay\u00e9es par Donnez.org et Emma\u00fcs.<\/p>\n\n<ul class=\"wp-block-list\"><li>Historique : en 2024, pr\u00e8s de 60\u00a0000 matelas redistribu\u00e9s par les r\u00e9seaux solidaires<\/li><li>Enjeu : contribuer activement \u00e0 la sant\u00e9 publique et au bien-\u00eatre<\/li><li>Bonus\u00a0: certains organismes d\u00e9livrent des re\u00e7us fiscaux<\/li><\/ul>\n\n<figure class=\"wp-block-table\"><table>\n<thead>\n<tr>\n<th>Effet Don<\/th>\n<th>Gagnant<\/th>\n<\/tr>\n<\/thead>\n<tbody>\n<tr>\n<td>Soulagement d&rsquo;espace<\/td>\n<td>Donateur<\/td>\n<\/tr>\n<tr>\n<td>Am\u00e9lioration du confort<\/td>\n<td>B\u00e9n\u00e9ficiaire<\/td>\n<\/tr>\n<tr>\n<td>Diminution des d\u00e9chets enfouis<\/td>\n<td>Environnement<\/td>\n<\/tr>\n<\/tbody>\n<\/table><\/figure>\n\n<p>Si aucun proche n\u2019est preneur, pensez \u00e0 ces solutions humaines. Il y a toujours quelqu\u2019un, quelque part, pour qui ce don change tout.<\/p>\n\n<p>Votre matelas n\u2019est peut-\u00eatre plus le v\u00f4tre\u2026 mais il peut encore \u00eatre bien utile.<\/p>\n\n<h2 class=\"wp-block-heading\">Revente et seconde main\u00a0: quand le matelas d\u2019occasion fait des heureux<\/h2>\n\n<p>La France de 2025 a chang\u00e9 d\u2019avis sur la literie d\u2019occasion. De plus en plus de foyers, d\u00e9sireux d\u2019all\u00e9ger leur budget ou de ralentir la consommation, scrutent les annonces sur Le Bon Coin, Vinted ou Facebook Marketplace. Un matelas d\u00e9croche encore une belle valeur s\u2019il n\u2019accuse pas un \u00e2ge canonique.<\/p>\n\n<ul class=\"wp-block-list\"><li>Attendez-vous \u00e0 vendre rapidement un matelas de marque reconnue (Ep\u00e9da, Bultex, Matelas Vert\u2026)<\/li><li>L\u2019\u00e9tat g\u00e9n\u00e9ral, l\u2019hygi\u00e8ne, la fermet\u00e9 r\u00e9elle sont d\u00e9cisifs pour le prix de vente<\/li><li>Les plateformes comme Matelas Market ou Emma Reprise assurent parfois une certification r\u00e9duisant la m\u00e9fiance des acheteurs<\/li><li>Un aper\u00e7u photo net et une description sinc\u00e8re donnent toutes ses chances \u00e0 l\u2019annonce<\/li><\/ul>\n\n<figure class=\"wp-block-table\"><table>\n<thead>\n<tr>\n<th>Crit\u00e8re<\/th>\n<th>Influence sur le prix<\/th>\n<\/tr>\n<\/thead>\n<tbody>\n<tr>\n<td>\u00c9tat g\u00e9n\u00e9ral<\/td>\n<td>D\u00e9terminant<\/td>\n<\/tr>\n<tr>\n<td>Marque\/mod\u00e8le<\/td>\n<td>Prix variant du simple au triple<\/td>\n<\/tr>\n<tr>\n<td>\u00c2ge<\/td>\n<td>Id\u00e9al : moins de 5 ans<\/td>\n<\/tr>\n<tr>\n<td>Taille<\/td>\n<td>Queen\/King valoris\u00e9<\/td>\n<\/tr>\n<\/tbody>\n<\/table><\/figure>\n\n<ul class=\"wp-block-list\"><li>Pensez toujours \u00e0 indiquer la provenance (Ep\u00e9da\u00a0? Matelas Vert\u00a0?) et \u00e0 joindre si possible facture ou \u00e9tiquette<\/li><li>Pour les transactions s\u00e9curis\u00e9es, privil\u00e9giez la remise en main propre<\/li><\/ul>\n\n<p>Un matelas de seconde main n\u2019est pas forc\u00e9ment synonyme de compromis. Il peut permettre de tester un mod\u00e8le haut de gamme \u00e0 prix doux, comme expliqu\u00e9 dans l\u2019article d\u00e9taill\u00e9 sur <a href=\"https:\/\/literie.boutique\/blog\/acheter-matelas-supermarche\/\">l\u2019achat de matelas en supermarch\u00e9 ou seconde main<\/a>.<\/p>\n\n<h3 class=\"wp-block-heading\">Astuce\u00a0: pr\u00e9parer son matelas avant la vente<\/h3>\n\n<p>Un brin d\u2019astuce ne nuit jamais. Nettoyer minutieusement, ajouter une housse de transport et rassurer l\u2019acqu\u00e9reur sur la propret\u00e9 jouent beaucoup. Privil\u00e9giez l\u2019honn\u00eatet\u00e9 : mieux vaut expliquer un d\u00e9faut mineur qu\u2019essayer de le dissimuler. Pour bien positionner votre annonce, v\u00e9rifiez aussi le march\u00e9 sur Matelas Market ou Love Your Waste, plateformes qui recensent l\u2019\u00e9tat, la demande et le juste prix du moment.<\/p>\n\n<ul class=\"wp-block-list\"><li>Lavage \u00e0 la vapeur, d\u00e9sodorisation, s\u00e9chage complet\u00a0: autant de bons r\u00e9flexes pour \u00e9viter toute mauvaise surprise<\/li><li>Protection suppl\u00e9mentaire pendant le transport (film plastique ou housse d\u00e9di\u00e9e)<\/li><\/ul>\n\n<figure class=\"wp-block-table\"><table>\n<thead>\n<tr>\n<th>\u00c9tape<\/th>\n<th>Pourquoi ?<\/th>\n<\/tr>\n<\/thead>\n<tbody>\n<tr>\n<td>Lavage approfondi<\/td>\n<td>Hygi\u00e8ne rassurante<\/td>\n<\/tr>\n<tr>\n<td>Emballage soigneux<\/td>\n<td>Transport sans d\u00e9gradation<\/td>\n<\/tr>\n<tr>\n<td>Photos r\u00e9elles<\/td>\n<td>Valoriser le matelas<\/td>\n<\/tr>\n<\/tbody>\n<\/table><\/figure>\n\n<p>Mieux vaut un matelas qui retrouve imm\u00e9diatement preneur qu\u2019un matelas oubli\u00e9 ou, pire, ab\u00eem\u00e9 sur un trottoir. D\u2019ailleurs, si la revente ne fonctionne pas, le don reste une option lumineuse.<\/p>\n\n<p>N\u2019h\u00e9sitez pas \u00e0 consulter le dossier complet sur <a href=\"https:\/\/literie.boutique\/blog\/s-habituer-nouveau-matelas\/\">les astuces pour bien s\u2019habituer \u00e0 un nouveau matelas<\/a>\u00a0: la transition vers une literie r\u00e9cente, c\u2019est aussi une question de bien-\u00eatre \u00e0 apprivoiser.<\/p>\n\n<h2 class=\"wp-block-heading\">Id\u00e9es DIY pour transformer votre vieux matelas en objet utile ou d\u00e9coratif<\/h2>\n\n<p>On croit souvent que tout est perdu lorsqu\u2019un matelas a tir\u00e9 sa r\u00e9v\u00e9rence. D\u00e9trompez-vous\u00a0: il fourmille de ressources insoup\u00e7onn\u00e9es. Entre ressorts d\u00e9tourn\u00e9s en objets de d\u00e9co, mousse transform\u00e9e en isolation, et rembourrage recycl\u00e9 en coussins pour nos compagnons \u00e0 quatre pattes, la seule limite, c\u2019est l\u2019imagination.<\/p>\n\n<ul class=\"wp-block-list\"><li>D\u00e9montez les ressorts pour en faire\u00a0: porte-bijoux, porte-lettres, support \u00e0 bouteilles ou pr\u00e9sentoir \u00e0 photos souvenirs<\/li><li>Rembourrage \u00e0 offrir une seconde jeunesse en coussins animaux ou isolants pour colis fragiles<\/li><li>Panneau de mousse utilis\u00e9 dans une cabane d\u2019enfants ou une salle de jeux<\/li><li>Capitons recycl\u00e9s en diy fauteuil d\u2019appoint ou pav\u00e9 de jardin<\/li><li>Tissu ext\u00e9rieur r\u00e9utilis\u00e9 en housse, sac ou support pour projets cr\u00e9atifs<\/li><\/ul>\n\n<figure class=\"wp-block-table\"><table>\n<thead>\n<tr>\n<th>Composant<\/th>\n<th>Upcycling possible<\/th>\n<\/tr>\n<\/thead>\n<tbody>\n<tr>\n<td>Ressorts m\u00e9tal<\/td>\n<td>D\u00e9co, supports, rangements<\/td>\n<\/tr>\n<tr>\n<td>Mousse<\/td>\n<td>Tapis de jeux, isolant, coussin<\/td>\n<\/tr>\n<tr>\n<td>Textile<\/td>\n<td>Accessoires faits main, patchwork<\/td>\n<\/tr>\n<tr>\n<td>Capitons<\/td>\n<td>Pouf, appuie-t\u00eate<\/td>\n<\/tr>\n<\/tbody>\n<\/table><\/figure>\n\n<ul class=\"wp-block-list\"><li>Et pourquoi pas, pour les plus cr\u00e9atifs, imaginer une banquette de jardin ou un espace d\u00e9tente d\u2019appoint sur une terrasse ?<\/li><\/ul>\n\n<p>L\u2019exp\u00e9rience montre que ces d\u00e9tournements amusent petits et grands, apportent une touche vintage ou accueillante \u00e0 la maison \u2013 et rappellent, avec un sourire en coin, qu\u2019aucune mati\u00e8re ne m\u00e9rite d\u2019\u00eatre abandonn\u00e9e sans m\u00e9nagement.<\/p>\n\n<p>Pour explorer d\u2019autres solutions d\u2019entretien et d\u2019am\u00e9nagement, rendez-vous sur <a href=\"https:\/\/literie.boutique\/blog\/utilite-surmatelas\/\">notre guide sur l\u2019utilit\u00e9 du surmatelas<\/a> et profitez de conseils concrets pour prolonger la dur\u00e9e de vie de tout votre univers nocturne.<\/p>\n\n<h3 class=\"wp-block-heading\">Dernier conseil\u00a0: n\u2019oubliez pas la reprise lors de votre prochain achat<\/h3>\n\n<p>\u00c0 l\u2019\u00e9chelle des sp\u00e9cialistes, de grandes enseignes comme Emma Reprise, Eco-matelas ou Matelas Vert proposent des services de collecte \u00e0 chaque achat neuf. Plus besoin de se casser la t\u00eate pour trouver comment \u00e9vacuer l\u2019ancien, ou risquer qu\u2019il finisse\u2026 n\u2019importe o\u00f9. Cela contribue significativement \u00e0 l\u2019effort global de recyclage, tout en simplifiant vos d\u00e9marches. Un petit geste, une grande tranquillit\u00e9 d\u2019esprit.<\/p>\n\n<ul class=\"wp-block-list\"><li>Pensez \u00e0 v\u00e9rifier la politique de reprise lors de votre prochain achat \u2013 certains magasins en font m\u00eame un argument de vente !<\/li><li>Pour conna\u00eetre les options autour de chez vous, <a href=\"https:\/\/literie.boutique\/blog\/tester-matelas-magasin\/\">consultez l\u2019annuaire de literie.boutique<\/a> : vous trouverez le point de test et de recyclage le plus pratique.<\/li><li>Cette d\u00e9marche collective am\u00e9liore l\u2019efficacit\u00e9 du recyclage et valorise, ensemble, la fili\u00e8re literie fran\u00e7aise.<\/li><\/ul>\n\n<p>Enfin, si le sujet du matelas id\u00e9al vous int\u00e9resse, lisez aussi notre dossier \u201c<a href=\"https:\/\/literie.boutique\/blog\/densite-matelas-qualite\/\">densit\u00e9 et qualit\u00e9 des matelas<\/a>\u201d et d\u00e9couvrez les crit\u00e8res d\u00e9terminants pour passer, cette fois, de belles nuits\u2026 et ne plus vous soucier du sort de votre ancienne literie\u00a0!<\/p>\n\n","protected":false},"excerpt":{"rendered":"<p>S\u00e9parer sommeil r\u00e9parateur et ancien matelas n\u2019a rien d\u2019anodin. Une d\u00e9cennie, voire plus, d\u2019habitudes nocturnes, d\u2019insomnies ou de fous rires en famille pendant le petit-d\u00e9jeuner. Mais lorsque le matelas commence \u00e0 s\u2019affaisser, \u00e0 grincer, ou \u00e0 r\u00e9veiller avec des douleurs, la question surgit : que faire, concr\u00e8tement, de toute cette mati\u00e8re imposante et de son [&hellip;]<\/p>\n","protected":false},"author":1,"featured_media":371,"comment_status":"open","ping_status":"open","sticky":false,"template":"","format":"standard","meta":{"_eb_attr":"","footnotes":""},"categories":[1],"tags":[],"class_list":["post-373","post","type-post","status-publish","format-standard","has-post-thumbnail","hentry","category-non-classe"],"yoast_head":"<!-- This site is optimized with the Yoast SEO plugin v27.4 - https:\/\/yoast.com\/product\/yoast-seo-wordpress\/ -->\n<title>Se D\u00e9barrasser de son Ancien Matelas : Id\u00e9es Malignes et \u00c9colo<\/title>\n<meta name=\"description\" content=\"D\u00e9couvrez toutes les solutions pour recycler, donner ou r\u00e9utiliser votre ancien matelas simplement et \u00e9cologiquement.\" \/>\n<meta name=\"robots\" content=\"index, follow, max-snippet:-1, max-image-preview:large, max-video-preview:-1\" \/>\n<link rel=\"canonical\" href=\"https:\/\/literie.boutique\/blog\/ancien-matelas-que-faire\/\" \/>\n<meta property=\"og:locale\" content=\"fr_FR\" \/>\n<meta property=\"og:type\" content=\"article\" \/>\n<meta property=\"og:title\" content=\"Se D\u00e9barrasser de son Ancien Matelas : Id\u00e9es Malignes et \u00c9colo\" \/>\n<meta property=\"og:description\" content=\"D\u00e9couvrez toutes les solutions pour recycler, donner ou r\u00e9utiliser votre ancien matelas simplement et \u00e9cologiquement.\" \/>\n<meta property=\"og:url\" content=\"https:\/\/literie.boutique\/blog\/ancien-matelas-que-faire\/\" \/>\n<meta property=\"og:site_name\" content=\"Blog literie\" \/>\n<meta property=\"article:published_time\" content=\"2025-09-26T10:33:30+00:00\" \/>\n<meta property=\"og:image\" content=\"https:\/\/literie.boutique\/blog\/wp-content\/uploads\/2025\/09\/Que-faire-de-son-ancien-matelas-.jpg\" \/>\n\t<meta property=\"og:image:width\" content=\"1344\" \/>\n\t<meta property=\"og:image:height\" content=\"768\" \/>\n\t<meta property=\"og:image:type\" content=\"image\/jpeg\" \/>\n<meta name=\"author\" content=\"Quentin\" \/>\n<meta name=\"twitter:card\" content=\"summary_large_image\" \/>\n<meta name=\"twitter:label1\" content=\"\u00c9crit par\" \/>\n\t<meta name=\"twitter:data1\" content=\"Quentin\" \/>\n\t<meta name=\"twitter:label2\" content=\"Dur\u00e9e de lecture estim\u00e9e\" \/>\n\t<meta name=\"twitter:data2\" content=\"9 minutes\" \/>\n<script type=\"application\/ld+json\" class=\"yoast-schema-graph\">{\"@context\":\"https:\\\/\\\/schema.org\",\"@graph\":[{\"@type\":\"Article\",\"@id\":\"https:\\\/\\\/literie.boutique\\\/blog\\\/ancien-matelas-que-faire\\\/#article\",\"isPartOf\":{\"@id\":\"https:\\\/\\\/literie.boutique\\\/blog\\\/ancien-matelas-que-faire\\\/\"},\"author\":{\"name\":\"Quentin\",\"@id\":\"https:\\\/\\\/literie.boutique\\\/blog\\\/#\\\/schema\\\/person\\\/18b20b7440db8006a7400c973f23869a\"},\"headline\":\"Que faire de son ancien matelas\u00a0?\",\"datePublished\":\"2025-09-26T10:33:30+00:00\",\"mainEntityOfPage\":{\"@id\":\"https:\\\/\\\/literie.boutique\\\/blog\\\/ancien-matelas-que-faire\\\/\"},\"wordCount\":1898,\"commentCount\":0,\"image\":{\"@id\":\"https:\\\/\\\/literie.boutique\\\/blog\\\/ancien-matelas-que-faire\\\/#primaryimage\"},\"thumbnailUrl\":\"https:\\\/\\\/literie.boutique\\\/blog\\\/wp-content\\\/uploads\\\/2025\\\/09\\\/Que-faire-de-son-ancien-matelas-.jpg\",\"inLanguage\":\"fr-FR\",\"potentialAction\":[{\"@type\":\"CommentAction\",\"name\":\"Comment\",\"target\":[\"https:\\\/\\\/literie.boutique\\\/blog\\\/ancien-matelas-que-faire\\\/#respond\"]}]},{\"@type\":\"WebPage\",\"@id\":\"https:\\\/\\\/literie.boutique\\\/blog\\\/ancien-matelas-que-faire\\\/\",\"url\":\"https:\\\/\\\/literie.boutique\\\/blog\\\/ancien-matelas-que-faire\\\/\",\"name\":\"Se D\u00e9barrasser de son Ancien Matelas : Id\u00e9es Malignes et \u00c9colo\",\"isPartOf\":{\"@id\":\"https:\\\/\\\/literie.boutique\\\/blog\\\/#website\"},\"primaryImageOfPage\":{\"@id\":\"https:\\\/\\\/literie.boutique\\\/blog\\\/ancien-matelas-que-faire\\\/#primaryimage\"},\"image\":{\"@id\":\"https:\\\/\\\/literie.boutique\\\/blog\\\/ancien-matelas-que-faire\\\/#primaryimage\"},\"thumbnailUrl\":\"https:\\\/\\\/literie.boutique\\\/blog\\\/wp-content\\\/uploads\\\/2025\\\/09\\\/Que-faire-de-son-ancien-matelas-.jpg\",\"datePublished\":\"2025-09-26T10:33:30+00:00\",\"author\":{\"@id\":\"https:\\\/\\\/literie.boutique\\\/blog\\\/#\\\/schema\\\/person\\\/18b20b7440db8006a7400c973f23869a\"},\"description\":\"D\u00e9couvrez toutes les solutions pour recycler, donner ou r\u00e9utiliser votre ancien matelas simplement et \u00e9cologiquement.\",\"breadcrumb\":{\"@id\":\"https:\\\/\\\/literie.boutique\\\/blog\\\/ancien-matelas-que-faire\\\/#breadcrumb\"},\"inLanguage\":\"fr-FR\",\"potentialAction\":[{\"@type\":\"ReadAction\",\"target\":[\"https:\\\/\\\/literie.boutique\\\/blog\\\/ancien-matelas-que-faire\\\/\"]}]},{\"@type\":\"ImageObject\",\"inLanguage\":\"fr-FR\",\"@id\":\"https:\\\/\\\/literie.boutique\\\/blog\\\/ancien-matelas-que-faire\\\/#primaryimage\",\"url\":\"https:\\\/\\\/literie.boutique\\\/blog\\\/wp-content\\\/uploads\\\/2025\\\/09\\\/Que-faire-de-son-ancien-matelas-.jpg\",\"contentUrl\":\"https:\\\/\\\/literie.boutique\\\/blog\\\/wp-content\\\/uploads\\\/2025\\\/09\\\/Que-faire-de-son-ancien-matelas-.jpg\",\"width\":1344,\"height\":768,\"caption\":\"d\u00e9couvrez nos conseils et astuces pour recycler, donner ou r\u00e9utiliser votre ancien matelas de mani\u00e8re responsable et \u00e9cologique. faites le bon choix pour l\u2019environnement et votre confort !\"},{\"@type\":\"BreadcrumbList\",\"@id\":\"https:\\\/\\\/literie.boutique\\\/blog\\\/ancien-matelas-que-faire\\\/#breadcrumb\",\"itemListElement\":[{\"@type\":\"ListItem\",\"position\":1,\"name\":\"Accueil\",\"item\":\"https:\\\/\\\/literie.boutique\\\/blog\\\/\"},{\"@type\":\"ListItem\",\"position\":2,\"name\":\"Que faire de son ancien matelas\u00a0?\"}]},{\"@type\":\"WebSite\",\"@id\":\"https:\\\/\\\/literie.boutique\\\/blog\\\/#website\",\"url\":\"https:\\\/\\\/literie.boutique\\\/blog\\\/\",\"name\":\"Blog literie\",\"description\":\"\",\"potentialAction\":[{\"@type\":\"SearchAction\",\"target\":{\"@type\":\"EntryPoint\",\"urlTemplate\":\"https:\\\/\\\/literie.boutique\\\/blog\\\/?s={search_term_string}\"},\"query-input\":{\"@type\":\"PropertyValueSpecification\",\"valueRequired\":true,\"valueName\":\"search_term_string\"}}],\"inLanguage\":\"fr-FR\"},{\"@type\":\"Person\",\"@id\":\"https:\\\/\\\/literie.boutique\\\/blog\\\/#\\\/schema\\\/person\\\/18b20b7440db8006a7400c973f23869a\",\"name\":\"Quentin\",\"image\":{\"@type\":\"ImageObject\",\"inLanguage\":\"fr-FR\",\"@id\":\"https:\\\/\\\/secure.gravatar.com\\\/avatar\\\/41fdb4b53b53b73264d00c34f36d500658ce5d38b749a6be639259016cc951ea?s=96&d=mm&r=g\",\"url\":\"https:\\\/\\\/secure.gravatar.com\\\/avatar\\\/41fdb4b53b53b73264d00c34f36d500658ce5d38b749a6be639259016cc951ea?s=96&d=mm&r=g\",\"contentUrl\":\"https:\\\/\\\/secure.gravatar.com\\\/avatar\\\/41fdb4b53b53b73264d00c34f36d500658ce5d38b749a6be639259016cc951ea?s=96&d=mm&r=g\",\"caption\":\"Quentin\"},\"description\":\"Quentin a 15 ans d\u2019exp\u00e9rience dans le domaine de la literie et du sommeil. Passionn\u00e9 par le sujet, il s\u2019est form\u00e9 en continu sur les nouveaut\u00e9s (technologies de matelas, ergonomie, mat\u00e9riaux innovants) et a m\u00eame suivi des modules en ergonomie du sommeil.\",\"sameAs\":[\"https:\\\/\\\/literie.boutique\\\/blog\"],\"url\":\"https:\\\/\\\/literie.boutique\\\/blog\\\/author\\\/domaineswebnotoriete-com\\\/\"}]}<\/script>\n<!-- \/ Yoast SEO plugin. -->","yoast_head_json":{"title":"Se D\u00e9barrasser de son Ancien Matelas : Id\u00e9es Malignes et \u00c9colo","description":"D\u00e9couvrez toutes les solutions pour recycler, donner ou r\u00e9utiliser votre ancien matelas simplement et \u00e9cologiquement.","robots":{"index":"index","follow":"follow","max-snippet":"max-snippet:-1","max-image-preview":"max-image-preview:large","max-video-preview":"max-video-preview:-1"},"canonical":"https:\/\/literie.boutique\/blog\/ancien-matelas-que-faire\/","og_locale":"fr_FR","og_type":"article","og_title":"Se D\u00e9barrasser de son Ancien Matelas : Id\u00e9es Malignes et \u00c9colo","og_description":"D\u00e9couvrez toutes les solutions pour recycler, donner ou r\u00e9utiliser votre ancien matelas simplement et \u00e9cologiquement.","og_url":"https:\/\/literie.boutique\/blog\/ancien-matelas-que-faire\/","og_site_name":"Blog literie","article_published_time":"2025-09-26T10:33:30+00:00","og_image":[{"width":1344,"height":768,"url":"https:\/\/literie.boutique\/blog\/wp-content\/uploads\/2025\/09\/Que-faire-de-son-ancien-matelas-.jpg","type":"image\/jpeg"}],"author":"Quentin","twitter_card":"summary_large_image","twitter_misc":{"\u00c9crit par":"Quentin","Dur\u00e9e de lecture estim\u00e9e":"9 minutes"},"schema":{"@context":"https:\/\/schema.org","@graph":[{"@type":"Article","@id":"https:\/\/literie.boutique\/blog\/ancien-matelas-que-faire\/#article","isPartOf":{"@id":"https:\/\/literie.boutique\/blog\/ancien-matelas-que-faire\/"},"author":{"name":"Quentin","@id":"https:\/\/literie.boutique\/blog\/#\/schema\/person\/18b20b7440db8006a7400c973f23869a"},"headline":"Que faire de son ancien matelas\u00a0?","datePublished":"2025-09-26T10:33:30+00:00","mainEntityOfPage":{"@id":"https:\/\/literie.boutique\/blog\/ancien-matelas-que-faire\/"},"wordCount":1898,"commentCount":0,"image":{"@id":"https:\/\/literie.boutique\/blog\/ancien-matelas-que-faire\/#primaryimage"},"thumbnailUrl":"https:\/\/literie.boutique\/blog\/wp-content\/uploads\/2025\/09\/Que-faire-de-son-ancien-matelas-.jpg","inLanguage":"fr-FR","potentialAction":[{"@type":"CommentAction","name":"Comment","target":["https:\/\/literie.boutique\/blog\/ancien-matelas-que-faire\/#respond"]}]},{"@type":"WebPage","@id":"https:\/\/literie.boutique\/blog\/ancien-matelas-que-faire\/","url":"https:\/\/literie.boutique\/blog\/ancien-matelas-que-faire\/","name":"Se D\u00e9barrasser de son Ancien Matelas : Id\u00e9es Malignes et \u00c9colo","isPartOf":{"@id":"https:\/\/literie.boutique\/blog\/#website"},"primaryImageOfPage":{"@id":"https:\/\/literie.boutique\/blog\/ancien-matelas-que-faire\/#primaryimage"},"image":{"@id":"https:\/\/literie.boutique\/blog\/ancien-matelas-que-faire\/#primaryimage"},"thumbnailUrl":"https:\/\/literie.boutique\/blog\/wp-content\/uploads\/2025\/09\/Que-faire-de-son-ancien-matelas-.jpg","datePublished":"2025-09-26T10:33:30+00:00","author":{"@id":"https:\/\/literie.boutique\/blog\/#\/schema\/person\/18b20b7440db8006a7400c973f23869a"},"description":"D\u00e9couvrez toutes les solutions pour recycler, donner ou r\u00e9utiliser votre ancien matelas simplement et \u00e9cologiquement.","breadcrumb":{"@id":"https:\/\/literie.boutique\/blog\/ancien-matelas-que-faire\/#breadcrumb"},"inLanguage":"fr-FR","potentialAction":[{"@type":"ReadAction","target":["https:\/\/literie.boutique\/blog\/ancien-matelas-que-faire\/"]}]},{"@type":"ImageObject","inLanguage":"fr-FR","@id":"https:\/\/literie.boutique\/blog\/ancien-matelas-que-faire\/#primaryimage","url":"https:\/\/literie.boutique\/blog\/wp-content\/uploads\/2025\/09\/Que-faire-de-son-ancien-matelas-.jpg","contentUrl":"https:\/\/literie.boutique\/blog\/wp-content\/uploads\/2025\/09\/Que-faire-de-son-ancien-matelas-.jpg","width":1344,"height":768,"caption":"d\u00e9couvrez nos conseils et astuces pour recycler, donner ou r\u00e9utiliser votre ancien matelas de mani\u00e8re responsable et \u00e9cologique. faites le bon choix pour l\u2019environnement et votre confort !"},{"@type":"BreadcrumbList","@id":"https:\/\/literie.boutique\/blog\/ancien-matelas-que-faire\/#breadcrumb","itemListElement":[{"@type":"ListItem","position":1,"name":"Accueil","item":"https:\/\/literie.boutique\/blog\/"},{"@type":"ListItem","position":2,"name":"Que faire de son ancien matelas\u00a0?"}]},{"@type":"WebSite","@id":"https:\/\/literie.boutique\/blog\/#website","url":"https:\/\/literie.boutique\/blog\/","name":"Blog literie","description":"","potentialAction":[{"@type":"SearchAction","target":{"@type":"EntryPoint","urlTemplate":"https:\/\/literie.boutique\/blog\/?s={search_term_string}"},"query-input":{"@type":"PropertyValueSpecification","valueRequired":true,"valueName":"search_term_string"}}],"inLanguage":"fr-FR"},{"@type":"Person","@id":"https:\/\/literie.boutique\/blog\/#\/schema\/person\/18b20b7440db8006a7400c973f23869a","name":"Quentin","image":{"@type":"ImageObject","inLanguage":"fr-FR","@id":"https:\/\/secure.gravatar.com\/avatar\/41fdb4b53b53b73264d00c34f36d500658ce5d38b749a6be639259016cc951ea?s=96&d=mm&r=g","url":"https:\/\/secure.gravatar.com\/avatar\/41fdb4b53b53b73264d00c34f36d500658ce5d38b749a6be639259016cc951ea?s=96&d=mm&r=g","contentUrl":"https:\/\/secure.gravatar.com\/avatar\/41fdb4b53b53b73264d00c34f36d500658ce5d38b749a6be639259016cc951ea?s=96&d=mm&r=g","caption":"Quentin"},"description":"Quentin a 15 ans d\u2019exp\u00e9rience dans le domaine de la literie et du sommeil. Passionn\u00e9 par le sujet, il s\u2019est form\u00e9 en continu sur les nouveaut\u00e9s (technologies de matelas, ergonomie, mat\u00e9riaux innovants) et a m\u00eame suivi des modules en ergonomie du sommeil.","sameAs":["https:\/\/literie.boutique\/blog"],"url":"https:\/\/literie.boutique\/blog\/author\/domaineswebnotoriete-com\/"}]}},"_links":{"self":[{"href":"https:\/\/literie.boutique\/blog\/wp-json\/wp\/v2\/posts\/373","targetHints":{"allow":["GET"]}}],"collection":[{"href":"https:\/\/literie.boutique\/blog\/wp-json\/wp\/v2\/posts"}],"about":[{"href":"https:\/\/literie.boutique\/blog\/wp-json\/wp\/v2\/types\/post"}],"author":[{"embeddable":true,"href":"https:\/\/literie.boutique\/blog\/wp-json\/wp\/v2\/users\/1"}],"replies":[{"embeddable":true,"href":"https:\/\/literie.boutique\/blog\/wp-json\/wp\/v2\/comments?post=373"}],"version-history":[{"count":0,"href":"https:\/\/literie.boutique\/blog\/wp-json\/wp\/v2\/posts\/373\/revisions"}],"wp:featuredmedia":[{"embeddable":true,"href":"https:\/\/literie.boutique\/blog\/wp-json\/wp\/v2\/media\/371"}],"wp:attachment":[{"href":"https:\/\/literie.boutique\/blog\/wp-json\/wp\/v2\/media?parent=373"}],"wp:term":[{"taxonomy":"category","embeddable":true,"href":"https:\/\/literie.boutique\/blog\/wp-json\/wp\/v2\/categories?post=373"},{"taxonomy":"post_tag","embeddable":true,"href":"https:\/\/literie.boutique\/blog\/wp-json\/wp\/v2\/tags?post=373"}],"curies":[{"name":"wp","href":"https:\/\/api.w.org\/{rel}","templated":true}]}}