{"id":370,"date":"2025-09-25T12:32:13","date_gmt":"2025-09-25T10:32:13","guid":{"rendered":"https:\/\/literie.boutique\/blog\/difference-alese-protege-matelas\/"},"modified":"2025-09-25T12:32:13","modified_gmt":"2025-09-25T10:32:13","slug":"difference-alese-protege-matelas","status":"publish","type":"post","link":"https:\/\/literie.boutique\/blog\/difference-alese-protege-matelas\/","title":{"rendered":"Prot\u00e8ge-matelas ou al\u00e8se de lit\u00a0: quelle diff\u00e9rence et lequel choisir pour prot\u00e9ger son matelas\u00a0?"},"content":{"rendered":"<p>Croyez-le ou non, un matelas m\u00e9rite bien plus qu\u2019un simple drap pour pr\u00e9server sa fra\u00eecheur et prolonger sa vie. Qu\u2019il s\u2019agisse de lutter contre les taches dues au caf\u00e9 renvers\u00e9, la transpiration nocturne ou les allergies r\u00e9calcitrantes, la protection du couchage ne se r\u00e9sume pas \u00e0 une question esth\u00e9tique. Entre prot\u00e8ge-matelas et al\u00e8se, les diff\u00e9rences ne sautent pas toujours aux yeux. Pourtant, ces deux alli\u00e9s ne jouent pas dans la m\u00eame cour et choisir l\u2019un ou l\u2019autre (voire les deux !) peut tout changer pour la sant\u00e9 du sommeil. Dodo, Epeda, Bultex, Simmons, Velfont, Evolon, Tempur, Emma, Bleu C\u00e2lin, Lestra\u2026 Ces noms de la literie proposent tous des solutions performantes. Alors, prot\u00e9gez-vous simplement d\u2019un verre d\u2019eau baladeur ou aspirez-vous \u00e0 une bulle d\u2019hygi\u00e8ne totale\u00a0? Examinons en d\u00e9tail, sans d\u00e9tour ni d\u00e9tour technique, comment discerner le bon accessoire.<\/p>\n\n<figure class=\"wp-block-image size-full\"><img fetchpriority=\"high\" decoding=\"async\" width=\"1344\" height=\"768\" src=\"https:\/\/literie.boutique\/blog\/wp-content\/uploads\/2025\/09\/Protege-matelas-ou-alese-de-lit-quelle-difference-et-lequel-choisir-pour-proteger-son-matelas-1-1.jpg\" alt=\"d\u00e9couvrez la diff\u00e9rence entre prot\u00e8ge-matelas et al\u00e8se de lit, leurs avantages respectifs et nos conseils pour bien choisir la meilleure protection pour votre matelas. guide pratique pour pr\u00e9server l\u2019hygi\u00e8ne et la dur\u00e9e de vie de votre literie.\" class=\"wp-image-369\" srcset=\"https:\/\/literie.boutique\/blog\/wp-content\/uploads\/2025\/09\/Protege-matelas-ou-alese-de-lit-quelle-difference-et-lequel-choisir-pour-proteger-son-matelas-1-1.jpg 1344w, https:\/\/literie.boutique\/blog\/wp-content\/uploads\/2025\/09\/Protege-matelas-ou-alese-de-lit-quelle-difference-et-lequel-choisir-pour-proteger-son-matelas-1-1-300x171.jpg 300w, https:\/\/literie.boutique\/blog\/wp-content\/uploads\/2025\/09\/Protege-matelas-ou-alese-de-lit-quelle-difference-et-lequel-choisir-pour-proteger-son-matelas-1-1-1024x585.jpg 1024w, https:\/\/literie.boutique\/blog\/wp-content\/uploads\/2025\/09\/Protege-matelas-ou-alese-de-lit-quelle-difference-et-lequel-choisir-pour-proteger-son-matelas-1-1-768x439.jpg 768w\" sizes=\"(max-width: 1344px) 100vw, 1344px\" \/><\/figure>\n\n<h2 class=\"wp-block-heading\">Comprendre la diff\u00e9rence entre prot\u00e8ge-matelas et al\u00e8se \u2013 ne vous laissez plus avoir\u00a0!<\/h2>\n\n<p>Impossible de compter les fois o\u00f9 il a fallu rectifier la confusion parmi les clients h\u00e9sitants devant le rayon, entre prot\u00e8ge-matelas et al\u00e8se de lit. Les mots se remplacent souvent, les fonctions pas toujours. \u00c0 premi\u00e8re vue, tous deux servent \u00e0 garder le matelas en bon \u00e9tat, mais ils ne couvrent pas exactement les m\u00eames besoins. D\u2019un c\u00f4t\u00e9, on vise la barri\u00e8re contre les liquides, de l\u2019autre, la lutte contre la poussi\u00e8re et les allerg\u00e8nes\u2026 ou l\u2019inverse, selon l\u2019\u00e9cole.<\/p>\n\n<ul class=\"wp-block-list\"><li><strong>L\u2019al\u00e8se<\/strong> a longtemps brill\u00e9 par sa simplicit\u00e9\u00a0: une protection en coton \u00e9pais, parfois plastifi\u00e9e, capable d\u2019absorber de petites fuites. Cela limitait les d\u00e9g\u00e2ts des taches et de l\u2019humidit\u00e9, mais laissait \u00e0 d\u00e9sirer c\u00f4t\u00e9 respirabilit\u00e9 et confort. Certaines versions produisaient m\u00eame ce fameux bruissement plastique si redout\u00e9.<\/li><li><strong>Le prot\u00e8ge-matelas moderne<\/strong> s\u2019est r\u00e9invent\u00e9. V\u00e9ritable concentr\u00e9 de technologie, il allie d\u00e9sormais <strong>imperm\u00e9abilit\u00e9 totale<\/strong> gr\u00e2ce \u00e0 une membrane discr\u00e8te (polyur\u00e9thane, par exemple), respirabilit\u00e9 et traitements anti-acariens\/anti-bact\u00e9riens. Son atout\u00a0? La discr\u00e9tion et la douceur, il est souvent invisible sous le drap et n\u2019alt\u00e8re pas le confort d\u2019un Bultex, Epeda ou Tempur.<\/li><\/ul>\n\n<figure class=\"wp-block-table\"><table>\n<thead>\n<tr>\n<th>Caract\u00e9ristique<\/th>\n<th>Al\u00e8se classique<\/th>\n<th>Prot\u00e8ge-matelas technique<\/th>\n<\/tr>\n<\/thead>\n<tbody>\n<tr>\n<td>Imperm\u00e9abilit\u00e9 aux liquides<\/td>\n<td><strong>Partielle ou nulle<\/strong> (selon mod\u00e8le)<\/td>\n<td><strong>Toujours<\/strong> (membrane respirante)<\/td>\n<\/tr>\n<tr>\n<td>Respirabilit\u00e9<\/td>\n<td>Souvent moyenne<\/td>\n<td><strong>Optimale<\/strong><\/td>\n<\/tr>\n<tr>\n<td>Silence au frottement<\/td>\n<td>Parfois bruyante<\/td>\n<td><strong>Silencieux<\/strong><\/td>\n<\/tr>\n<tr>\n<td>Traitement anti-acariens\/bact\u00e9ries<\/td>\n<td>Rare<\/td>\n<td><strong>Fr\u00e9quent<\/strong> (id\u00e9al pour allergies)<\/td>\n<\/tr>\n<tr>\n<td>Tenue sur le matelas<\/td>\n<td>Drap-housse ou plateau simple<\/td>\n<td><strong>Drap-housse ajust\u00e9<\/strong><\/td>\n<\/tr>\n<tr>\n<td>Exemples de marques<\/td>\n<td>Bleu C\u00e2lin, Lestra<\/td>\n<td>Velfont, ZenPur, Evolon, Emma<\/td>\n<\/tr>\n<\/tbody>\n<\/table><\/figure>\n\n<h3 class=\"wp-block-heading\">Les points faibles et les atouts de chaque protection<\/h3>\n\n<p>L\u2019al\u00e8se traditionnelle joue la carte de la simplicit\u00e9, mais c\u2019est parfois au d\u00e9triment du confort. Qui n\u2019a jamais chang\u00e9 de c\u00f4t\u00e9 la nuit \u00e0 cause d\u2019une al\u00e8se qui fait transpirer\u00a0? Le prot\u00e8ge-matelas nouvelle g\u00e9n\u00e9ration, en revanche, fait beaucoup mieux. Il garde votre matelas \u00e0 l\u2019abri des liquides, \u00e9vite les mauvaises surprises lors d\u2019un \u201cincident du petit-d\u00e9j au lit\u201d et est recommand\u00e9 aux parents d\u2019enfants ou d\u2019animaux domestiques.<\/p>\n\n<ul class=\"wp-block-list\"><li><strong>Protection humide\u00a0: <\/strong>pour les fuites importantes (pipi au lit, grande transpiration), seule une bonne imperm\u00e9abilit\u00e9 prot\u00e8ge durablement.<\/li><li><strong>Pr\u00e9vention allergique\u00a0: <\/strong>un prot\u00e8ge-matelas technique trait\u00e9 anti-acariens, notamment chez Velfont, Evolon ou Emma, aide \u00e0 pr\u00e9venir les crises.<\/li><li><strong>Entretien facile\u00a0: <\/strong>les deux se lavent facilement en machine, mais certains prot\u00e8ges-matelas sont test\u00e9s pour r\u00e9sister \u00e0 de multiples lavages sans perdre leur efficacit\u00e9.<\/li><li><strong>Confort nocturne\u00a0: <\/strong>fini les bruits de plastique tenace, surtout sur les produits taill\u00e9s pour les matelas haut de gamme (Simmons, Dodo, Tempur\u2026)<\/li><\/ul>\n\n<figure class=\"wp-block-table\"><table>\n<thead>\n<tr>\n<th>Point fort<\/th>\n<th>Al\u00e8se<\/th>\n<th>Prot\u00e8ge-matelas<\/th>\n<\/tr>\n<\/thead>\n<tbody>\n<tr>\n<td>Prix abordable<\/td>\n<td><strong>Oui<\/strong><\/td>\n<td>Variable<\/td>\n<\/tr>\n<tr>\n<td>Haute technicit\u00e9<\/td>\n<td>Non<\/td>\n<td><strong>Oui<\/strong><\/td>\n<\/tr>\n<tr>\n<td>Discr\u00e9tion<\/td>\n<td>Selon mati\u00e8re<\/td>\n<td><strong>Oui<\/strong><\/td>\n<\/tr>\n<\/tbody>\n<\/table><\/figure>\n\n<h2 class=\"wp-block-heading\">Comment choisir le bon accessoire pour prot\u00e9ger son matelas\u00a0? Les crit\u00e8res qui changent tout<\/h2>\n\n<p>Prot\u00e9ger son couchage rel\u00e8ve souvent de la philosophie du quotidien\u00a0: rituel de propret\u00e9 ou barri\u00e8re high-tech\u00a0? Avant de faire votre s\u00e9lection, il s\u2019agit de comprendre vos priorit\u00e9s et les usages r\u00e9els de la chambre. Testez ces crit\u00e8res en les adaptant \u00e0 votre environnement\u00a0: matelas Epeda flambant neuf ou Simmons pr\u00e9cieux, chambre d\u2019enfant ou chambre d\u2019amis, logement humide, p\u00e9riode de canicule\u2026 Chaque cas donne des priorit\u00e9s diff\u00e9rentes.<\/p>\n\n<ul class=\"wp-block-list\"><li><strong>Niveau d\u2019imperm\u00e9abilit\u00e9 :<\/strong> Indispensable en cas d\u2019incontinence, jeunes enfants, ou si vous aimez parfois prendre un th\u00e9 au lit. Un prot\u00e8ge-matelas ZenPur Premium, par exemple, prot\u00e8ge int\u00e9gralement contre la sueur, l\u2019urine et autres liquides, sans effet de serre.<\/li><li><strong>Traitement anti-acariens et hygi\u00e8ne :<\/strong> Pour les allergies ou la pr\u00e9vention des crises d\u2019asthme, investissez dans une protection Evolon ou Emma, certifi\u00e9e OEKO-TEX et test\u00e9e dermatologiquement.<\/li><li><strong>Sensation au toucher :<\/strong> Pour ne pas alt\u00e9rer la sensation ferme ou moelleuse du matelas (Bultex, Tempur), visez les mod\u00e8les en coton-\u00e9ponge doux, qui ne changent pas votre exp\u00e9rience nocturne.<\/li><li><strong>Facilit\u00e9 d\u2019entretien :<\/strong> Un accessoire efficace doit tenir la distance au lavage, jusqu\u2019\u00e0 60\u00b0 pour \u00e9liminer les allerg\u00e8nes. Privil\u00e9giez ceux marqu\u00e9s \u201clavage haute temp\u00e9rature\u201d.<\/li><li><strong>Maintien sur le matelas :<\/strong> Les mod\u00e8les type drap-housse limitent les plis et glissent\u00a0; adieu l\u2019effet \u201cboudin\u201d au milieu de la nuit !<\/li><li><strong>Dimension parfaite :<\/strong> Une \u00e9vidence, et pourtant\u2026 Un matelas 140 x 190 ou 160 x 200\u00a0? V\u00e9rifiez la fiche taille (lire <a href=\"https:\/\/literie.boutique\/blog\/taille-lit-dormir-140-160-180\/\">notre guide sur les tailles de lit<\/a>).<\/li><\/ul>\n\n<figure class=\"wp-block-table\"><table>\n<thead>\n<tr>\n<th>Crit\u00e8re cl\u00e9<\/th>\n<th>Pourquoi c\u2019est essentiel<\/th>\n<th>Marques \u00e0 privil\u00e9gier<\/th>\n<\/tr>\n<\/thead>\n<tbody>\n<tr>\n<td>Imperm\u00e9abilit\u00e9<\/td>\n<td>\u00c9vite l\u2019encrassement, prolonge la dur\u00e9e de vie<\/td>\n<td>Velfont, Emma, ZenPur<\/td>\n<\/tr>\n<tr>\n<td>Traitement anti-acariens<\/td>\n<td>Pr\u00e9serve des allergies respiratoires<\/td>\n<td>Evolon, Tempur<\/td>\n<\/tr>\n<tr>\n<td>Sensation textile<\/td>\n<td>Favorise le confort, pas d\u2019effet plastique<\/td>\n<td>Dodo, Lestra, Bleu C\u00e2lin<\/td>\n<\/tr>\n<tr>\n<td>Tenue parfaite<\/td>\n<td>Emp\u00eache de bouger la nuit, r\u00e9duit la formation de plis<\/td>\n<td>Simmons, Epeda<\/td>\n<\/tr>\n<tr>\n<td>Lavage facile<\/td>\n<td>Hygi\u00e8ne accrue, praticit\u00e9<\/td>\n<td>Bultex, Velfont<\/td>\n<\/tr>\n<\/tbody>\n<\/table><\/figure>\n\n<h3 class=\"wp-block-heading\">\u00c0 chaque usage, sa solution\u00a0: famille, allergies, animaux, transpiration nocturne\u2026<\/h3>\n\n<p>Il n\u2019y a pas de recette unique. Une famille nombreuse privil\u00e9giera l\u2019imperm\u00e9abilit\u00e9 absolue et la facilit\u00e9 de lavage\u00a0; les personnes allergiques viseront une barri\u00e8re contre les acariens. Ceux qui vivent dans une zone humide penseront \u00e0 une fonction anti-moisissures et les propri\u00e9taires d\u2019animaux \u00e0 une r\u00e9sistance accrue aux griffes et aux poils. M\u00eame chose pour ceux qui connaissent les joies de la transpiration intense\u00a0: un prot\u00e8ge-matelas respirant reste imbattable sur ce terrain (<a href=\"https:\/\/literie.boutique\/blog\/literie-transpiration-nocturne\/\">en d\u00e9tail ici sur la literie sp\u00e9ciale transpiration<\/a>). Derri\u00e8re chaque choix, il y a un mode de vie \u00e0 respecter \u2013 et un matelas \u00e0 ch\u00e9rir !<\/p>\n\n<ul class=\"wp-block-list\"><li>Besoin de conseils d\u2019entretien pratiques\u00a0? D\u00e9couvrez notre dossier utile pour <a href=\"https:\/\/literie.boutique\/blog\/nettoyer-matelas-acariens-taches\/\">nettoyer matelas, acariens, taches<\/a>.<\/li><li>Vous h\u00e9sitez encore sur le type de matelas \u00e0 couvrir\u00a0? <a href=\"https:\/\/literie.boutique\/blog\/densite-matelas-qualite\/\">Comprenez la densit\u00e9 et la qualit\u00e9 d\u2019un bon matelas<\/a><\/li><li>Changer de matelas en 2025\u00a0? Un guide complet vous attend <a href=\"https:\/\/literie.boutique\/blog\/changer-matelas\/\">ici<\/a>.<\/li><\/ul>\n\n<figure class=\"wp-block-table\"><table>\n<thead>\n<tr>\n<th>Contexte<\/th>\n<th>Type de protection recommand\u00e9<\/th>\n<th>Bonus pratique<\/th>\n<\/tr>\n<\/thead>\n<tbody>\n<tr>\n<td>Enfant en bas \u00e2ge<\/td>\n<td>Al\u00e8se imperm\u00e9able, lavable fr\u00e9quemment<\/td>\n<td>Prise rapide au drap-housse<\/td>\n<\/tr>\n<tr>\n<td>Personne allergique<\/td>\n<td>Prot\u00e8ge-matelas avec traitement anti-acariens<\/td>\n<td>Certification OEKO-TEX\/Evolon<\/td>\n<\/tr>\n<tr>\n<td>Animaux sur le lit<\/td>\n<td>Protection r\u00e9sistante griffes, lavable chaud<\/td>\n<td>Tissu \u00e9pais (Lestra, Bleu C\u00e2lin)<\/td>\n<\/tr>\n<tr>\n<td>Couple adulte, literie haut de gamme<\/td>\n<td>Prot\u00e8ge-matelas doux, invisible, technique<\/td>\n<td>Polyur\u00e9thane ultra-fin (Emma, Tempur)<\/td>\n<\/tr>\n<\/tbody>\n<\/table><\/figure>\n\n<h2 class=\"wp-block-heading\">Prot\u00e9ger son matelas, un r\u00e9flexe sant\u00e9 et hygi\u00e8ne \u00e0 adopter d\u00e8s ce soir<\/h2>\n\n<p>Sous le drap-housse, la discr\u00e9tion d\u2019un bon prot\u00e8ge-matelas transforme la literie en cocon. Au fil des lavages, la diff\u00e9rence se sent\u00a0: moins de taches, moins d\u2019acariens, moins d\u2019odeurs de renferm\u00e9\u2026 surtout si le choix s\u2019est port\u00e9 sur une protection adapt\u00e9e \u00e0 votre r\u00e9alit\u00e9. Et si c\u2019\u00e9tait le moment d\u2019inspecter le v\u00f4tre\u00a0? Derri\u00e8re l\u2019achat d\u2019un excellent Bultex ou Epeda se cache une exigence simple\u00a0: garder la fra\u00eecheur et la sant\u00e9 du couchage le plus longtemps possible.<\/p>\n\n<ul class=\"wp-block-list\"><li>Vous souhaitez explorer la gamme des meilleurs accessoires dans une vraie boutique\u00a0? <a href=\"https:\/\/literie.boutique\/blog\/que-trouve-t-on-dans-un-magasin-de-literie\/\">D\u00e9couvrez l\u2019univers d\u2019un magasin de literie ici<\/a>.<\/li><li>Un matelas tach\u00e9, ab\u00eem\u00e9 par l\u2019humidit\u00e9\u00a0? Certaines situations (vomissements, inondations) r\u00e9clament des solutions imm\u00e9diates\u00a0: <a href=\"https:\/\/literie.boutique\/blog\/nettoyer-matelas-vomissement\/\">\u00e0 lire, notre m\u00e9thode en cas d\u2019urgence<\/a>.<\/li><li>Difficult\u00e9s de dos, r\u00e9veils douloureux\u00a0? Comprenez le lien avec la literie sur <a href=\"https:\/\/literie.boutique\/blog\/matelas-mal-au-dos\/\">cet article<\/a>.<\/li><li>En cas de doute, n\u2019h\u00e9sitez pas \u00e0 vous tourner vers les grandes marques cit\u00e9es plus haut, et \u00e0 demander conseil aupr\u00e8s d\u2019un sp\u00e9cialiste qui saura ajuster la solution \u00e0 votre matelas Dodo, Simmons ou autre.<\/li><\/ul>\n\n<figure class=\"wp-block-table\"><table>\n<thead>\n<tr>\n<th>Accessoire<\/th>\n<th>Convient \u00e0<\/th>\n<th>B\u00e9n\u00e9fice principal<\/th>\n<\/tr>\n<\/thead>\n<tbody>\n<tr>\n<td>Al\u00e8se simple<\/td>\n<td>Chambre d\u2019amis, petits budgets<\/td>\n<td>Protection de base, prix doux<\/td>\n<\/tr>\n<tr>\n<td>Prot\u00e8ge-matelas premium<\/td>\n<td>Chambres d\u2019enfants, allergies, literie haut de gamme<\/td>\n<td>Hygi\u00e8ne renforc\u00e9e, confort pr\u00e9serv\u00e9<\/td>\n<\/tr>\n<tr>\n<td>Protection combin\u00e9e<\/td>\n<td>Utilisation intensive, familles nombreuses<\/td>\n<td>Polyvalence, lavage facilit\u00e9<\/td>\n<\/tr>\n<\/tbody>\n<\/table><\/figure>\n\n","protected":false},"excerpt":{"rendered":"<p>Croyez-le ou non, un matelas m\u00e9rite bien plus qu\u2019un simple drap pour pr\u00e9server sa fra\u00eecheur et prolonger sa vie. Qu\u2019il s\u2019agisse de lutter contre les taches dues au caf\u00e9 renvers\u00e9, la transpiration nocturne ou les allergies r\u00e9calcitrantes, la protection du couchage ne se r\u00e9sume pas \u00e0 une question esth\u00e9tique. Entre prot\u00e8ge-matelas et al\u00e8se, les diff\u00e9rences [&hellip;]<\/p>\n","protected":false},"author":1,"featured_media":368,"comment_status":"open","ping_status":"open","sticky":false,"template":"","format":"standard","meta":{"_eb_attr":"","footnotes":""},"categories":[4],"tags":[],"class_list":["post-370","post","type-post","status-publish","format-standard","has-post-thumbnail","hentry","category-guides-achat-literie"],"yoast_head":"<!-- This site is optimized with the Yoast SEO plugin v27.4 - https:\/\/yoast.com\/product\/yoast-seo-wordpress\/ -->\n<title>Prot\u00e8ge-matelas vs al\u00e8se : comprendre la diff\u00e9rence pour mieux choisir<\/title>\n<meta name=\"description\" content=\"D\u00e9couvrez la diff\u00e9rence entre prot\u00e8ge-matelas et al\u00e8se, et trouvez la meilleure option pour prot\u00e9ger efficacement votre matelas.\" \/>\n<meta name=\"robots\" content=\"index, follow, max-snippet:-1, max-image-preview:large, max-video-preview:-1\" \/>\n<link rel=\"canonical\" href=\"https:\/\/literie.boutique\/blog\/difference-alese-protege-matelas\/\" \/>\n<meta property=\"og:locale\" content=\"fr_FR\" \/>\n<meta property=\"og:type\" content=\"article\" \/>\n<meta property=\"og:title\" content=\"Prot\u00e8ge-matelas vs al\u00e8se : comprendre la diff\u00e9rence pour mieux choisir\" \/>\n<meta property=\"og:description\" content=\"D\u00e9couvrez la diff\u00e9rence entre prot\u00e8ge-matelas et al\u00e8se, et trouvez la meilleure option pour prot\u00e9ger efficacement votre matelas.\" \/>\n<meta property=\"og:url\" content=\"https:\/\/literie.boutique\/blog\/difference-alese-protege-matelas\/\" \/>\n<meta property=\"og:site_name\" content=\"Blog literie\" \/>\n<meta property=\"article:published_time\" content=\"2025-09-25T10:32:13+00:00\" \/>\n<meta property=\"og:image\" content=\"https:\/\/literie.boutique\/blog\/wp-content\/uploads\/2025\/09\/Protege-matelas-ou-alese-de-lit-quelle-difference-et-lequel-choisir-pour-proteger-son-matelas-.jpg\" \/>\n\t<meta property=\"og:image:width\" content=\"1344\" \/>\n\t<meta property=\"og:image:height\" content=\"768\" \/>\n\t<meta property=\"og:image:type\" content=\"image\/jpeg\" \/>\n<meta name=\"author\" content=\"Quentin\" \/>\n<meta name=\"twitter:card\" content=\"summary_large_image\" \/>\n<meta name=\"twitter:label1\" content=\"\u00c9crit par\" \/>\n\t<meta name=\"twitter:data1\" content=\"Quentin\" \/>\n\t<meta name=\"twitter:label2\" content=\"Dur\u00e9e de lecture estim\u00e9e\" \/>\n\t<meta name=\"twitter:data2\" content=\"7 minutes\" \/>\n<script type=\"application\/ld+json\" class=\"yoast-schema-graph\">{\"@context\":\"https:\\\/\\\/schema.org\",\"@graph\":[{\"@type\":\"Article\",\"@id\":\"https:\\\/\\\/literie.boutique\\\/blog\\\/difference-alese-protege-matelas\\\/#article\",\"isPartOf\":{\"@id\":\"https:\\\/\\\/literie.boutique\\\/blog\\\/difference-alese-protege-matelas\\\/\"},\"author\":{\"name\":\"Quentin\",\"@id\":\"https:\\\/\\\/literie.boutique\\\/blog\\\/#\\\/schema\\\/person\\\/18b20b7440db8006a7400c973f23869a\"},\"headline\":\"Prot\u00e8ge-matelas ou al\u00e8se de lit\u00a0: quelle diff\u00e9rence et lequel choisir pour prot\u00e9ger son matelas\u00a0?\",\"datePublished\":\"2025-09-25T10:32:13+00:00\",\"mainEntityOfPage\":{\"@id\":\"https:\\\/\\\/literie.boutique\\\/blog\\\/difference-alese-protege-matelas\\\/\"},\"wordCount\":1490,\"commentCount\":0,\"image\":{\"@id\":\"https:\\\/\\\/literie.boutique\\\/blog\\\/difference-alese-protege-matelas\\\/#primaryimage\"},\"thumbnailUrl\":\"https:\\\/\\\/literie.boutique\\\/blog\\\/wp-content\\\/uploads\\\/2025\\\/09\\\/Protege-matelas-ou-alese-de-lit-quelle-difference-et-lequel-choisir-pour-proteger-son-matelas-.jpg\",\"articleSection\":[\"Guides d\u2019achat literie\"],\"inLanguage\":\"fr-FR\",\"potentialAction\":[{\"@type\":\"CommentAction\",\"name\":\"Comment\",\"target\":[\"https:\\\/\\\/literie.boutique\\\/blog\\\/difference-alese-protege-matelas\\\/#respond\"]}]},{\"@type\":\"WebPage\",\"@id\":\"https:\\\/\\\/literie.boutique\\\/blog\\\/difference-alese-protege-matelas\\\/\",\"url\":\"https:\\\/\\\/literie.boutique\\\/blog\\\/difference-alese-protege-matelas\\\/\",\"name\":\"Prot\u00e8ge-matelas vs al\u00e8se : comprendre la diff\u00e9rence pour mieux choisir\",\"isPartOf\":{\"@id\":\"https:\\\/\\\/literie.boutique\\\/blog\\\/#website\"},\"primaryImageOfPage\":{\"@id\":\"https:\\\/\\\/literie.boutique\\\/blog\\\/difference-alese-protege-matelas\\\/#primaryimage\"},\"image\":{\"@id\":\"https:\\\/\\\/literie.boutique\\\/blog\\\/difference-alese-protege-matelas\\\/#primaryimage\"},\"thumbnailUrl\":\"https:\\\/\\\/literie.boutique\\\/blog\\\/wp-content\\\/uploads\\\/2025\\\/09\\\/Protege-matelas-ou-alese-de-lit-quelle-difference-et-lequel-choisir-pour-proteger-son-matelas-.jpg\",\"datePublished\":\"2025-09-25T10:32:13+00:00\",\"author\":{\"@id\":\"https:\\\/\\\/literie.boutique\\\/blog\\\/#\\\/schema\\\/person\\\/18b20b7440db8006a7400c973f23869a\"},\"description\":\"D\u00e9couvrez la diff\u00e9rence entre prot\u00e8ge-matelas et al\u00e8se, et trouvez la meilleure option pour prot\u00e9ger efficacement votre matelas.\",\"breadcrumb\":{\"@id\":\"https:\\\/\\\/literie.boutique\\\/blog\\\/difference-alese-protege-matelas\\\/#breadcrumb\"},\"inLanguage\":\"fr-FR\",\"potentialAction\":[{\"@type\":\"ReadAction\",\"target\":[\"https:\\\/\\\/literie.boutique\\\/blog\\\/difference-alese-protege-matelas\\\/\"]}]},{\"@type\":\"ImageObject\",\"inLanguage\":\"fr-FR\",\"@id\":\"https:\\\/\\\/literie.boutique\\\/blog\\\/difference-alese-protege-matelas\\\/#primaryimage\",\"url\":\"https:\\\/\\\/literie.boutique\\\/blog\\\/wp-content\\\/uploads\\\/2025\\\/09\\\/Protege-matelas-ou-alese-de-lit-quelle-difference-et-lequel-choisir-pour-proteger-son-matelas-.jpg\",\"contentUrl\":\"https:\\\/\\\/literie.boutique\\\/blog\\\/wp-content\\\/uploads\\\/2025\\\/09\\\/Protege-matelas-ou-alese-de-lit-quelle-difference-et-lequel-choisir-pour-proteger-son-matelas-.jpg\",\"width\":1344,\"height\":768,\"caption\":\"d\u00e9couvrez la diff\u00e9rence entre un prot\u00e8ge-matelas et une al\u00e8se de lit pour une protection optimale de votre matelas. conseils pour bien choisir selon vos besoins et garantir hygi\u00e8ne et confort \u00e0 votre literie.\"},{\"@type\":\"BreadcrumbList\",\"@id\":\"https:\\\/\\\/literie.boutique\\\/blog\\\/difference-alese-protege-matelas\\\/#breadcrumb\",\"itemListElement\":[{\"@type\":\"ListItem\",\"position\":1,\"name\":\"Accueil\",\"item\":\"https:\\\/\\\/literie.boutique\\\/blog\\\/\"},{\"@type\":\"ListItem\",\"position\":2,\"name\":\"Prot\u00e8ge-matelas ou al\u00e8se de lit\u00a0: quelle diff\u00e9rence et lequel choisir pour prot\u00e9ger son matelas\u00a0?\"}]},{\"@type\":\"WebSite\",\"@id\":\"https:\\\/\\\/literie.boutique\\\/blog\\\/#website\",\"url\":\"https:\\\/\\\/literie.boutique\\\/blog\\\/\",\"name\":\"Blog literie\",\"description\":\"\",\"potentialAction\":[{\"@type\":\"SearchAction\",\"target\":{\"@type\":\"EntryPoint\",\"urlTemplate\":\"https:\\\/\\\/literie.boutique\\\/blog\\\/?s={search_term_string}\"},\"query-input\":{\"@type\":\"PropertyValueSpecification\",\"valueRequired\":true,\"valueName\":\"search_term_string\"}}],\"inLanguage\":\"fr-FR\"},{\"@type\":\"Person\",\"@id\":\"https:\\\/\\\/literie.boutique\\\/blog\\\/#\\\/schema\\\/person\\\/18b20b7440db8006a7400c973f23869a\",\"name\":\"Quentin\",\"image\":{\"@type\":\"ImageObject\",\"inLanguage\":\"fr-FR\",\"@id\":\"https:\\\/\\\/secure.gravatar.com\\\/avatar\\\/41fdb4b53b53b73264d00c34f36d500658ce5d38b749a6be639259016cc951ea?s=96&d=mm&r=g\",\"url\":\"https:\\\/\\\/secure.gravatar.com\\\/avatar\\\/41fdb4b53b53b73264d00c34f36d500658ce5d38b749a6be639259016cc951ea?s=96&d=mm&r=g\",\"contentUrl\":\"https:\\\/\\\/secure.gravatar.com\\\/avatar\\\/41fdb4b53b53b73264d00c34f36d500658ce5d38b749a6be639259016cc951ea?s=96&d=mm&r=g\",\"caption\":\"Quentin\"},\"description\":\"Quentin a 15 ans d\u2019exp\u00e9rience dans le domaine de la literie et du sommeil. Passionn\u00e9 par le sujet, il s\u2019est form\u00e9 en continu sur les nouveaut\u00e9s (technologies de matelas, ergonomie, mat\u00e9riaux innovants) et a m\u00eame suivi des modules en ergonomie du sommeil.\",\"sameAs\":[\"https:\\\/\\\/literie.boutique\\\/blog\"],\"url\":\"https:\\\/\\\/literie.boutique\\\/blog\\\/author\\\/domaineswebnotoriete-com\\\/\"}]}<\/script>\n<!-- \/ Yoast SEO plugin. -->","yoast_head_json":{"title":"Prot\u00e8ge-matelas vs al\u00e8se : comprendre la diff\u00e9rence pour mieux choisir","description":"D\u00e9couvrez la diff\u00e9rence entre prot\u00e8ge-matelas et al\u00e8se, et trouvez la meilleure option pour prot\u00e9ger efficacement votre matelas.","robots":{"index":"index","follow":"follow","max-snippet":"max-snippet:-1","max-image-preview":"max-image-preview:large","max-video-preview":"max-video-preview:-1"},"canonical":"https:\/\/literie.boutique\/blog\/difference-alese-protege-matelas\/","og_locale":"fr_FR","og_type":"article","og_title":"Prot\u00e8ge-matelas vs al\u00e8se : comprendre la diff\u00e9rence pour mieux choisir","og_description":"D\u00e9couvrez la diff\u00e9rence entre prot\u00e8ge-matelas et al\u00e8se, et trouvez la meilleure option pour prot\u00e9ger efficacement votre matelas.","og_url":"https:\/\/literie.boutique\/blog\/difference-alese-protege-matelas\/","og_site_name":"Blog literie","article_published_time":"2025-09-25T10:32:13+00:00","og_image":[{"width":1344,"height":768,"url":"https:\/\/literie.boutique\/blog\/wp-content\/uploads\/2025\/09\/Protege-matelas-ou-alese-de-lit-quelle-difference-et-lequel-choisir-pour-proteger-son-matelas-.jpg","type":"image\/jpeg"}],"author":"Quentin","twitter_card":"summary_large_image","twitter_misc":{"\u00c9crit par":"Quentin","Dur\u00e9e de lecture estim\u00e9e":"7 minutes"},"schema":{"@context":"https:\/\/schema.org","@graph":[{"@type":"Article","@id":"https:\/\/literie.boutique\/blog\/difference-alese-protege-matelas\/#article","isPartOf":{"@id":"https:\/\/literie.boutique\/blog\/difference-alese-protege-matelas\/"},"author":{"name":"Quentin","@id":"https:\/\/literie.boutique\/blog\/#\/schema\/person\/18b20b7440db8006a7400c973f23869a"},"headline":"Prot\u00e8ge-matelas ou al\u00e8se de lit\u00a0: quelle diff\u00e9rence et lequel choisir pour prot\u00e9ger son matelas\u00a0?","datePublished":"2025-09-25T10:32:13+00:00","mainEntityOfPage":{"@id":"https:\/\/literie.boutique\/blog\/difference-alese-protege-matelas\/"},"wordCount":1490,"commentCount":0,"image":{"@id":"https:\/\/literie.boutique\/blog\/difference-alese-protege-matelas\/#primaryimage"},"thumbnailUrl":"https:\/\/literie.boutique\/blog\/wp-content\/uploads\/2025\/09\/Protege-matelas-ou-alese-de-lit-quelle-difference-et-lequel-choisir-pour-proteger-son-matelas-.jpg","articleSection":["Guides d\u2019achat literie"],"inLanguage":"fr-FR","potentialAction":[{"@type":"CommentAction","name":"Comment","target":["https:\/\/literie.boutique\/blog\/difference-alese-protege-matelas\/#respond"]}]},{"@type":"WebPage","@id":"https:\/\/literie.boutique\/blog\/difference-alese-protege-matelas\/","url":"https:\/\/literie.boutique\/blog\/difference-alese-protege-matelas\/","name":"Prot\u00e8ge-matelas vs al\u00e8se : comprendre la diff\u00e9rence pour mieux choisir","isPartOf":{"@id":"https:\/\/literie.boutique\/blog\/#website"},"primaryImageOfPage":{"@id":"https:\/\/literie.boutique\/blog\/difference-alese-protege-matelas\/#primaryimage"},"image":{"@id":"https:\/\/literie.boutique\/blog\/difference-alese-protege-matelas\/#primaryimage"},"thumbnailUrl":"https:\/\/literie.boutique\/blog\/wp-content\/uploads\/2025\/09\/Protege-matelas-ou-alese-de-lit-quelle-difference-et-lequel-choisir-pour-proteger-son-matelas-.jpg","datePublished":"2025-09-25T10:32:13+00:00","author":{"@id":"https:\/\/literie.boutique\/blog\/#\/schema\/person\/18b20b7440db8006a7400c973f23869a"},"description":"D\u00e9couvrez la diff\u00e9rence entre prot\u00e8ge-matelas et al\u00e8se, et trouvez la meilleure option pour prot\u00e9ger efficacement votre matelas.","breadcrumb":{"@id":"https:\/\/literie.boutique\/blog\/difference-alese-protege-matelas\/#breadcrumb"},"inLanguage":"fr-FR","potentialAction":[{"@type":"ReadAction","target":["https:\/\/literie.boutique\/blog\/difference-alese-protege-matelas\/"]}]},{"@type":"ImageObject","inLanguage":"fr-FR","@id":"https:\/\/literie.boutique\/blog\/difference-alese-protege-matelas\/#primaryimage","url":"https:\/\/literie.boutique\/blog\/wp-content\/uploads\/2025\/09\/Protege-matelas-ou-alese-de-lit-quelle-difference-et-lequel-choisir-pour-proteger-son-matelas-.jpg","contentUrl":"https:\/\/literie.boutique\/blog\/wp-content\/uploads\/2025\/09\/Protege-matelas-ou-alese-de-lit-quelle-difference-et-lequel-choisir-pour-proteger-son-matelas-.jpg","width":1344,"height":768,"caption":"d\u00e9couvrez la diff\u00e9rence entre un prot\u00e8ge-matelas et une al\u00e8se de lit pour une protection optimale de votre matelas. conseils pour bien choisir selon vos besoins et garantir hygi\u00e8ne et confort \u00e0 votre literie."},{"@type":"BreadcrumbList","@id":"https:\/\/literie.boutique\/blog\/difference-alese-protege-matelas\/#breadcrumb","itemListElement":[{"@type":"ListItem","position":1,"name":"Accueil","item":"https:\/\/literie.boutique\/blog\/"},{"@type":"ListItem","position":2,"name":"Prot\u00e8ge-matelas ou al\u00e8se de lit\u00a0: quelle diff\u00e9rence et lequel choisir pour prot\u00e9ger son matelas\u00a0?"}]},{"@type":"WebSite","@id":"https:\/\/literie.boutique\/blog\/#website","url":"https:\/\/literie.boutique\/blog\/","name":"Blog literie","description":"","potentialAction":[{"@type":"SearchAction","target":{"@type":"EntryPoint","urlTemplate":"https:\/\/literie.boutique\/blog\/?s={search_term_string}"},"query-input":{"@type":"PropertyValueSpecification","valueRequired":true,"valueName":"search_term_string"}}],"inLanguage":"fr-FR"},{"@type":"Person","@id":"https:\/\/literie.boutique\/blog\/#\/schema\/person\/18b20b7440db8006a7400c973f23869a","name":"Quentin","image":{"@type":"ImageObject","inLanguage":"fr-FR","@id":"https:\/\/secure.gravatar.com\/avatar\/41fdb4b53b53b73264d00c34f36d500658ce5d38b749a6be639259016cc951ea?s=96&d=mm&r=g","url":"https:\/\/secure.gravatar.com\/avatar\/41fdb4b53b53b73264d00c34f36d500658ce5d38b749a6be639259016cc951ea?s=96&d=mm&r=g","contentUrl":"https:\/\/secure.gravatar.com\/avatar\/41fdb4b53b53b73264d00c34f36d500658ce5d38b749a6be639259016cc951ea?s=96&d=mm&r=g","caption":"Quentin"},"description":"Quentin a 15 ans d\u2019exp\u00e9rience dans le domaine de la literie et du sommeil. Passionn\u00e9 par le sujet, il s\u2019est form\u00e9 en continu sur les nouveaut\u00e9s (technologies de matelas, ergonomie, mat\u00e9riaux innovants) et a m\u00eame suivi des modules en ergonomie du sommeil.","sameAs":["https:\/\/literie.boutique\/blog"],"url":"https:\/\/literie.boutique\/blog\/author\/domaineswebnotoriete-com\/"}]}},"_links":{"self":[{"href":"https:\/\/literie.boutique\/blog\/wp-json\/wp\/v2\/posts\/370","targetHints":{"allow":["GET"]}}],"collection":[{"href":"https:\/\/literie.boutique\/blog\/wp-json\/wp\/v2\/posts"}],"about":[{"href":"https:\/\/literie.boutique\/blog\/wp-json\/wp\/v2\/types\/post"}],"author":[{"embeddable":true,"href":"https:\/\/literie.boutique\/blog\/wp-json\/wp\/v2\/users\/1"}],"replies":[{"embeddable":true,"href":"https:\/\/literie.boutique\/blog\/wp-json\/wp\/v2\/comments?post=370"}],"version-history":[{"count":0,"href":"https:\/\/literie.boutique\/blog\/wp-json\/wp\/v2\/posts\/370\/revisions"}],"wp:featuredmedia":[{"embeddable":true,"href":"https:\/\/literie.boutique\/blog\/wp-json\/wp\/v2\/media\/368"}],"wp:attachment":[{"href":"https:\/\/literie.boutique\/blog\/wp-json\/wp\/v2\/media?parent=370"}],"wp:term":[{"taxonomy":"category","embeddable":true,"href":"https:\/\/literie.boutique\/blog\/wp-json\/wp\/v2\/categories?post=370"},{"taxonomy":"post_tag","embeddable":true,"href":"https:\/\/literie.boutique\/blog\/wp-json\/wp\/v2\/tags?post=370"}],"curies":[{"name":"wp","href":"https:\/\/api.w.org\/{rel}","templated":true}]}}