{"id":311,"date":"2025-08-28T17:05:25","date_gmt":"2025-08-28T15:05:25","guid":{"rendered":"https:\/\/literie.boutique\/blog\/matelas-forte-corpulence\/"},"modified":"2025-08-28T17:05:25","modified_gmt":"2025-08-28T15:05:25","slug":"matelas-forte-corpulence","status":"publish","type":"post","link":"https:\/\/literie.boutique\/blog\/matelas-forte-corpulence\/","title":{"rendered":"Quel matelas choisir pour une personne de forte corpulence\u00a0?"},"content":{"rendered":"<p>Se r\u00e9veiller chaque matin avec le corps engourdi, ce n\u2019est pas une fatalit\u00e9. Beaucoup pensent qu\u2019il suffit de pousser la porte d\u2019un magasin et de choisir le plus \u00ab\u00a0gros\u00a0\u00bb matelas pour enfin bien dormir quand on a une forte corpulence. Pourtant, tout n\u2019est pas une question d\u2019\u00e9paisseur ou de ressorts. Le vrai d\u00e9fi ? Trouver l\u2019\u00e9quilibre entre soutien, long\u00e9vit\u00e9 et bien-\u00eatre, sans sacrifier le confort ni exploser son budget. Matelas en latex, hybrides, ressorts ensach\u00e9s\u00a0: les fabricants redoublent d\u2019ing\u00e9niosit\u00e9 pour proposer des solutions qui tiennent leurs promesses au fil des nuits. D\u00e9couvrons ensemble comment distinguer un matelas r\u00e9ellement adapt\u00e9 et pourquoi certains mod\u00e8les \u2013 de Bultex \u00e0 Emma, en passant par Epeda ou Sealy \u2013 se d\u00e9marquent vraiment quand il s\u2019agit d\u2019offrir des nuits paisibles aux dormeurs exigeants.<\/p>\n\n<figure class=\"wp-block-image size-full\"><img fetchpriority=\"high\" decoding=\"async\" width=\"1344\" height=\"768\" src=\"https:\/\/literie.boutique\/blog\/wp-content\/uploads\/2025\/08\/Quel-matelas-choisir-pour-une-personne-de-forte-corpulence-1-1.jpg\" alt=\"d\u00e9couvrez comment choisir le matelas id\u00e9al pour une personne de forte corpulence : conseils sur le soutien, la fermet\u00e9 et les mat\u00e9riaux pour garantir confort et durabilit\u00e9.\" class=\"wp-image-309\" srcset=\"https:\/\/literie.boutique\/blog\/wp-content\/uploads\/2025\/08\/Quel-matelas-choisir-pour-une-personne-de-forte-corpulence-1-1.jpg 1344w, https:\/\/literie.boutique\/blog\/wp-content\/uploads\/2025\/08\/Quel-matelas-choisir-pour-une-personne-de-forte-corpulence-1-1-300x171.jpg 300w, https:\/\/literie.boutique\/blog\/wp-content\/uploads\/2025\/08\/Quel-matelas-choisir-pour-une-personne-de-forte-corpulence-1-1-1024x585.jpg 1024w, https:\/\/literie.boutique\/blog\/wp-content\/uploads\/2025\/08\/Quel-matelas-choisir-pour-une-personne-de-forte-corpulence-1-1-768x439.jpg 768w\" sizes=\"(max-width: 1344px) 100vw, 1344px\" \/><\/figure>\n\n<h2 class=\"wp-block-heading\">Comment reconna\u00eetre un matelas vraiment adapt\u00e9 \u00e0 une forte corpulence\u00a0?<\/h2>\n\n<p>Face \u00e0 l&rsquo;immensit\u00e9 de l&rsquo;offre, mille questions font surface\u00a0: \u00e9paisseur, densit\u00e9, soutien, technologie\u2026 Pourtant, certains crit\u00e8res tranchent nettement. Pour ne plus h\u00e9siter devant un rayon, il est judicieux de se fier \u00e0 des \u00e9l\u00e9ments concrets. Un bon matelas pour personne forte ne se contente pas d\u2019une promesse vague d\u2019\u00a0\u00bbadaptabilit\u00e9\u00a0\u00bb\u00a0: il affiche des sp\u00e9cificit\u00e9s techniques indiscutables. Et croyez-le, il existe d\u00e9sormais des marques qui pensent vraiment \u00e0 votre dos, votre sommeil, et\u2026 votre patience quand il s&rsquo;agit de trouver chaussure \u00e0 votre pied.<\/p>\n\n<ul class=\"wp-block-list\"><li><strong>\u00c9paisseur sup\u00e9rieure \u00e0 24 cm<\/strong>\u00a0: fini les matelas qui s\u2019aplatissent sous le poids en trois ans. Plus de 24 cm, c\u2019est aussi la promesse d\u2019un soutien durable, m\u00eame pour des gabarits de 120 kg (voire plus).<\/li><li><strong>Soutien ferme voire tr\u00e8s ferme<\/strong>\u00a0: attention, on parle de maintien, pas d\u2019un accueil b\u00e9ton. Certains mod\u00e8les allient soutien robuste et accueil douillet.<\/li><li><strong>Zonage du confort<\/strong>\u00a0: pour \u00e9viter le classique mal de dos \u00e0 4h du matin, la pr\u00e9sence de zones diff\u00e9renci\u00e9es (\u00e9paules, lombaires, hanches) est essentielle.<\/li><li><strong>Technologies de thermor\u00e9gulation<\/strong>\u00a0: qui n\u2019a jamais ressenti cette d\u00e9sagr\u00e9able sensation de chaleur \u00e9touffante\u00a0? Les matelas r\u00e9cents (ressorts ventil\u00e9s, mousse \u00e0 cellules ouvertes, latex micro-perfor\u00e9) \u00e9vacuent nettement mieux la chaleur.<\/li><li><strong>Mat\u00e9riaux robustes<\/strong>\u00a0: latex naturel haute densit\u00e9, ressorts en acier renforc\u00e9, mousses HR (haute r\u00e9silience). Les amateurs de literie connaissent l\u2019importance du \u00ab\u00a0grammage\u00a0\u00bb et de la densit\u00e9\u00a0!<\/li><li><strong>Garantie sup\u00e9rieure \u00e0 5 ans<\/strong>\u00a0: un vrai matelas pour forte corpulence ne faiblit pas apr\u00e8s quelques ann\u00e9es sous des charges soutenues.<\/li><\/ul>\n\n<figure class=\"wp-block-table\"><table>\n<thead>\n<tr>\n<th>Crit\u00e8re<\/th>\n<th>Recommandation<\/th>\n<th>Exemple de marque<\/th>\n<\/tr>\n<\/thead>\n<tbody>\n<tr>\n<td>\u00c9paisseur<\/td>\n<td>24-30 cm<\/td>\n<td>Emma, Epeda, Hypnia<\/td>\n<\/tr>\n<tr>\n<td>Soutien<\/td>\n<td>Ferme \u00e0 tr\u00e8s ferme<\/td>\n<td>Bultex, Simmons, Merinos<\/td>\n<\/tr>\n<tr>\n<td>Zonage<\/td>\n<td>5 \u00e0 7 zones<\/td>\n<td>Tediber, Sealy<\/td>\n<\/tr>\n<tr>\n<td>Dur\u00e9e de vie<\/td>\n<td>&gt;7 ans<\/td>\n<td>Tempur, Dunlopillo<\/td>\n<\/tr>\n<tr>\n<td>Respirabilit\u00e9<\/td>\n<td>Latex, ressorts, mousses ventil\u00e9es<\/td>\n<td>Hypnia, Bultex<\/td>\n<\/tr>\n<\/tbody>\n<\/table><\/figure>\n\n<p>Pour approfondir, les guides de <a href=\"https:\/\/guideliterie.com\/matelas-personne-forte\/\">Guide Literie<\/a>, <a href=\"https:\/\/bultex.fr\/sommeillab\/conseils-literie-et-matelas\/quel-matelas-pour-une-personne-forte\">Bultex<\/a> ou encore les retours d\u2019exp\u00e9rience sur <a href=\"https:\/\/www.quelmatelas.fr\/matelas-personne-forte-corpulence\">Quel Matelas<\/a> offrent une cartographie des solutions fiables, test\u00e9es sur la dur\u00e9e et pl\u00e9biscit\u00e9es en magasin.<\/p>\n\n<h2 class=\"wp-block-heading\">Quels types de matelas privil\u00e9gier\u00a0pour un vrai repos\u00a0?<\/h2>\n\n<p>Certains pr\u00e9f\u00e8rent le latex, d\u2019autres la souplesse enveloppante d\u2019une mousse, d\u2019autres encore jurent que rien ne vaut le soutien \u00ab\u00a0m\u00e9canique\u00a0\u00bb d\u2019un ressort haut de gamme. Les technologies \u00e9voluent et il est facile de se retrouver perdu dans le tumulte des promesses marketing. Alors, que choisir quand on monte dans les 100, 120 ou 150 kg\u00a0? Passionn\u00e9s de bien-\u00eatre, voici les pistes \u00e0 explorer sans rel\u00e2che \u2013 car la diff\u00e9rence se joue sur des d\u00e9tails trop souvent n\u00e9glig\u00e9s.<\/p>\n\n<figure class=\"wp-block-image size-full\"><img decoding=\"async\" width=\"1344\" height=\"768\" src=\"https:\/\/literie.boutique\/blog\/wp-content\/uploads\/2025\/08\/Quel-matelas-choisir-pour-une-personne-de-forte-corpulence-1-2.jpg\" alt=\"d\u00e9couvrez nos conseils pour choisir le matelas id\u00e9al adapt\u00e9 aux personnes de forte corpulence. confort, soutien et durabilit\u00e9 : trouvez le mod\u00e8le parfait pour passer des nuits r\u00e9paratrices.\" class=\"wp-image-310\" srcset=\"https:\/\/literie.boutique\/blog\/wp-content\/uploads\/2025\/08\/Quel-matelas-choisir-pour-une-personne-de-forte-corpulence-1-2.jpg 1344w, https:\/\/literie.boutique\/blog\/wp-content\/uploads\/2025\/08\/Quel-matelas-choisir-pour-une-personne-de-forte-corpulence-1-2-300x171.jpg 300w, https:\/\/literie.boutique\/blog\/wp-content\/uploads\/2025\/08\/Quel-matelas-choisir-pour-une-personne-de-forte-corpulence-1-2-1024x585.jpg 1024w, https:\/\/literie.boutique\/blog\/wp-content\/uploads\/2025\/08\/Quel-matelas-choisir-pour-une-personne-de-forte-corpulence-1-2-768x439.jpg 768w\" sizes=\"(max-width: 1344px) 100vw, 1344px\" \/><\/figure>\n\n<h3 class=\"wp-block-heading\">Matelas \u00e0 ressorts ensach\u00e9s\u00a0: le soutien sur-mesure, m\u00eame \u00e0 deux<\/h3>\n\n<p>Les ressorts ensach\u00e9s sont les favoris des grands gabarits. Pourquoi\u00a0? Chacun agit comme un mini-piston, absorbant l\u2019exc\u00e8s de poids l\u00e0 o\u00f9 il se pose, pr\u00e9servant ind\u00e9pendance de couchage et respirabilit\u00e9. Un mod\u00e8le typique de chez Epeda, Bultex, ou encore Hypnia comporte entre 500 et 900 ressorts sur un 140&#215;190\u00a0: voil\u00e0 de quoi garantir stabilit\u00e9 et long\u00e9vit\u00e9.<\/p>\n\n<ul class=\"wp-block-list\"><li>Ind\u00e9pendance de couchage optimale\u00a0: les mouvements ne d\u00e9rangent plus le partenaire.<\/li><li>Bords renforc\u00e9s\u00a0: fini la crainte de rouler hors du lit d\u00e8s qu\u2019on s\u2019assoit au bord\u00a0!<\/li><li>Respirabilit\u00e9 sup\u00e9rieure \u00e0 la mousse pleine.<\/li><\/ul>\n\n<figure class=\"wp-block-table\"><table>\n<thead>\n<tr>\n<th>Mod\u00e8le<\/th>\n<th>Nombre de ressorts<\/th>\n<th>\u00c9paisseur<\/th>\n<th>Garantie<\/th>\n<\/tr>\n<\/thead>\n<tbody>\n<tr>\n<td>Epeda Cambrure<\/td>\n<td>700 (140&#215;190)<\/td>\n<td>27 cm<\/td>\n<td>5 ans<\/td>\n<\/tr>\n<tr>\n<td>Bultex Inspire<\/td>\n<td>540 (140&#215;190)<\/td>\n<td>25 cm<\/td>\n<td>7 ans<\/td>\n<\/tr>\n<tr>\n<td>Hypnia Bien-\u00eatre Supr\u00eame<\/td>\n<td>800 (160&#215;200)<\/td>\n<td>30 cm<\/td>\n<td>10 ans<\/td>\n<\/tr>\n<\/tbody>\n<\/table><\/figure>\n\n<p>Un exemple\u00a0: Thomas, 135 kg, a \u00e9chang\u00e9 r\u00e9cemment son ancien matelas mousse contre un Epeda Cambrure. Plusieurs semaines apr\u00e8s, \u00ab\u00a0Plus d\u2019affaissement ni de mal de dos\u00a0: autant dire qu\u2019il a remis sa confiance dans la literie fran\u00e7aise.\u00a0\u00bb D&rsquo;autres bases \u00e0 consulter ici : <a href=\"https:\/\/www.goliterie.com\/matelas-pour-personne-forte-corpulence\/\">Go Literie<\/a>.<\/p>\n\n<h3 class=\"wp-block-heading\">Latex naturel et matelas hybrides\u00a0: r\u00e9sistance et r\u00e9activit\u00e9<\/h3>\n\n<p>Les matelas en latex naturel (chez Dunlopillo, Tediber ou Maliterie, par exemple) s\u00e9duisent par leur densit\u00e9 et leur retour \u00e9lastique. Un latex de qualit\u00e9, c\u2019est au moins 85 kg\/m3. La r\u00e9silience dans le temps n\u2019est plus \u00e0 prouver : nombreux sont les h\u00f4tels qui misent sur cette technologie pour limiter le remplacement fr\u00e9quent.<\/p>\n\n<ul class=\"wp-block-list\"><li>Soutien qui ne s\u2019\u00e9crase pas sous le poids<\/li><li>Mat\u00e9riau naturellement anti-acariens<\/li><li>Zones de confort diff\u00e9renci\u00e9es (7 zones sur certains mod\u00e8les Tediber ou Sealy)<\/li><li>Excellente ventilation gr\u00e2ce \u00e0 la structure ouverte<\/li><\/ul>\n\n<figure class=\"wp-block-table\"><table>\n<thead>\n<tr>\n<th>Marque<\/th>\n<th>\u00c9paisseur latex<\/th>\n<th>Densit\u00e9<\/th>\n<th>Zonage<\/th>\n<\/tr>\n<\/thead>\n<tbody>\n<tr>\n<td>Tediber<\/td>\n<td>20 cm<\/td>\n<td>85 kg\/m3<\/td>\n<td>7<\/td>\n<\/tr>\n<tr>\n<td>Dunlopillo<\/td>\n<td>18 cm<\/td>\n<td>83 kg\/m3<\/td>\n<td>7<\/td>\n<\/tr>\n<tr>\n<td>Maliterie Caresse<\/td>\n<td>25 cm<\/td>\n<td>85 kg\/m3<\/td>\n<td>7<\/td>\n<\/tr>\n<\/tbody>\n<\/table><\/figure>\n\n<p>Petit d\u00e9tour par les hybrides\u00a0: le matelas Emma Hybride Premium combine 12,5 cm de ressorts Aeroflex, plusieurs couches de mousses de densit\u00e9 \u00e9lev\u00e9e et micro-ressorts pour absorber le surplus de pression. Un bon point si vous transpirez beaucoup la nuit ou si vous alternez entre couchage sur le c\u00f4t\u00e9 et sur le dos. Pour plus d\u2019informations, regardez <a href=\"https:\/\/www.emma.fr\/matelas\/personne-forte\/\">la page d\u00e9di\u00e9e chez Emma<\/a>.<\/p>\n\n<h3 class=\"wp-block-heading\">Mousses haute densit\u00e9\u00a0: m\u00e9moire de forme, mais pas n\u2019importe laquelle\u2026<\/h3>\n\n<p>Certains n\u2019aiment pas la sensation un peu \u00ab\u00a0froide\u00a0\u00bb du latex. Pour eux, la mousse \u00e0 m\u00e9moire de forme haute densit\u00e9 reste une option, \u00e0 condition de viser au-dessus de 35 kg\/m3 en densit\u00e9. Plusieurs mod\u00e8les Emma, Tempur ou Simmons proposent aujourd\u2019hui ce type de matelas, avec couches rafra\u00eechissantes int\u00e9gr\u00e9es pour \u00e9viter les surchauffes en pleine nuit.<\/p>\n\n<ul class=\"wp-block-list\"><li>Soulage la pression sur les hanches et les \u00e9paules<\/li><li>Convient aux personnes souffrant de douleurs lombaires mod\u00e9r\u00e9es<\/li><li>Doit toujours \u00eatre associ\u00e9e \u00e0 un soutien rigide en profondeur<\/li><\/ul>\n\n<p>Conseil\u00a0: \u00e9viter les mod\u00e8les en mousse bas de gamme, m\u00eame si leur prix est tentant. Leur faible densit\u00e9 acc\u00e9l\u00e8re l\u2019affaissement, principalement chez les gros gabarits. Renseignez-vous sur la densit\u00e9 pr\u00e9cise du mod\u00e8le choisi. \u00c0 lire aussi sur <a href=\"https:\/\/www.sommeil.org\/conseils-sur-le-sommeil\/comment-bien-choisir-sa-literie\/questions-et-reponses\/quel-matelas-choisir-pour-une-personne-de-forte-corpulence\/\">Sommeil.org<\/a> ou <a href=\"https:\/\/www.les-matelas.fr\/matelas-personne-forte-corpulence\/\">Les-matelas.fr<\/a>.<\/p>\n\n<h2 class=\"wp-block-heading\">Bien choisir sa literie en tenant compte de sa posture de sommeil et du couple<\/h2>\n\n<p>Dormir sur le dos, sur le c\u00f4t\u00e9, en \u00e9toile\u2026 chaque gabarit a ses habitudes. Pourtant, le poids et la posture ont une influence directe sur le confort du matelas. Et si \u00e0 deux, les diff\u00e9rences de morphologie se font sentir, savoir s\u2019\u00e9quiper devient un exercice un peu plus technique. Heureusement, quelques r\u00e8gles simples suffisent \u00e0 \u00e9viter les mauvaises surprises, et certains accessoires peuvent m\u00eame transformer des compromis en vraies r\u00e9ussites nocturnes.<\/p>\n\n<ul class=\"wp-block-list\"><li>Dormeurs sur le c\u00f4t\u00e9\u00a0: privil\u00e9gier un matelas ferme, avec un accueil moelleux (souvent hybrides ou latex, type Emma, Hypnia, Epeda)<\/li><li>Dormeurs sur le dos\u00a0: un matelas ferme ou tr\u00e8s ferme, attention \u00e0 la zone lombaire (mod\u00e8les zon\u00e9s, Sealy, Simmons, Tempur)<\/li><li>Dormeurs sur le ventre\u00a0: matelas ferme, accueil tonique, parfois latex ou ressorts renforc\u00e9s (Epeda, Bultex)<\/li><li>Pour le couple\u00a0: penser \u00ab\u00a0ind\u00e9pendance de couchage\u00a0\u00bb et accueillir chacun \u00e0 son poids avec parfois un surmatelas individuel<\/li><\/ul>\n\n<figure class=\"wp-block-table\"><table>\n<thead>\n<tr>\n<th>Posture principale<\/th>\n<th>Recommandation de type<\/th>\n<th>Exemples mod\u00e8les<\/th>\n<\/tr>\n<\/thead>\n<tbody>\n<tr>\n<td>C\u00f4t\u00e9<\/td>\n<td>Hybride latex\/ressorts<\/td>\n<td>Emma Hybride, Epeda Volutea<\/td>\n<\/tr>\n<tr>\n<td>Dos<\/td>\n<td>Ressorts ensach\u00e9s\/noyau ferme<\/td>\n<td>Sealy, Simmons<\/td>\n<\/tr>\n<tr>\n<td>Ventre<\/td>\n<td>Latex ferme\/ressorts renforc\u00e9s<\/td>\n<td>Bultex, Tediber<\/td>\n<\/tr>\n<tr>\n<td>Agit\u00e9s<\/td>\n<td>Ind\u00e9pendance de couchage marqu\u00e9e<\/td>\n<td>Hypnia Bien-\u00eatre Supr\u00eame, Tempur, Merinos<\/td>\n<\/tr>\n<\/tbody>\n<\/table><\/figure>\n\n<p>Dans les magasins sp\u00e9cialis\u00e9s comme dans les avis d&rsquo;experts (voir <a href=\"https:\/\/literie.boutique\/blog\/choisir-fermete-matelas\/\">notre d\u00e9cryptage de la fermet\u00e9<\/a> ou sur <a href=\"https:\/\/guide.mello-matelas.fr\/matelas\/matelas-personne-forte\">Mello Matelas<\/a>), la combinaison id\u00e9ale reste de tester \u00ab\u00a0\u00e0 deux\u00a0\u00bb le matelas choisi, ou d\u2019envisager des mod\u00e8les king size pour garantir une place suffisante.<\/p>\n\n<h3 class=\"wp-block-heading\">Accessoires et astuces pour personnaliser le confort sans tout changer<\/h3>\n\n<p>Changer de matelas, c\u2019est d\u00e9j\u00e0 un grand pas. Mais parfois, ajuster un simple d\u00e9tail suffit \u00e0 retrouver un sommeil r\u00e9parateur. L\u2019ajout d\u2019un surmatelas haute densit\u00e9, le choix d\u2019oreillers plus \u00e9pais ou d\u2019un sommier \u00e0 lattes robustes sont autant de strat\u00e9gies efficaces, peu co\u00fbteuses, mais souvent sous-estim\u00e9es.<\/p>\n\n<ul class=\"wp-block-list\"><li><strong>Surmatelas<\/strong>\u00a0: pour ajouter douceur ou fermet\u00e9 selon besoin<\/li><li><strong>Oreiller \u00e9pais et ergonomique<\/strong>\u00a0: soutien cervical renforc\u00e9 pour gabarits puissants<\/li><li><strong>Sommier \u00e0 lattes passives<\/strong>\u00a0: id\u00e9al pour un poids sup\u00e9rieur \u00e0 120 kg<\/li><li><strong>Protection imperm\u00e9able et respirante<\/strong>\u00a0: prolonge la vie du matelas et contribue au confort hygi\u00e9nique<\/li><li><strong>Draps adapt\u00e9s grande taille<\/strong>\u00a0: le d\u00e9tail qui \u00e9vite de \u00ab\u00a0raccrocher\u00a0\u00bb et favorise la libert\u00e9 de mouvement<\/li><\/ul>\n\n<p>Pour les conseils sommiers et accessoires, d\u00e9tour par\u00a0<a href=\"https:\/\/literie.boutique\/blog\/matelas-ikea-emma-simba\/\">notre comparatif Emma-Simba-Ikea<\/a> ou les dossiers th\u00e9matiques sur <a href=\"https:\/\/www.mamaisonmasante.fr\/le-guide-ultime-pour-choisir-un-matelas-adapte-aux-personnes-a-forte-corpulence\/\">Ma maison ma sant\u00e9<\/a>.<\/p>\n\n<figure class=\"wp-block-table\"><table>\n<thead>\n<tr>\n<th>Accessoire<\/th>\n<th>Utilit\u00e9 principale<\/th>\n<th>Mod\u00e8le phare<\/th>\n<\/tr>\n<\/thead>\n<tbody>\n<tr>\n<td>Surmatelas<\/td>\n<td>Adoucit accueil ferme<\/td>\n<td>Tempur Premium<\/td>\n<\/tr>\n<tr>\n<td>Oreiller ergonomique<\/td>\n<td>Soutien nuque<\/td>\n<td>Dunlopillo Moelleux<\/td>\n<\/tr>\n<tr>\n<td>Sommier renforc\u00e9<\/td>\n<td>Soutien poids \u00e9lev\u00e9<\/td>\n<td>Emma Select<\/td>\n<\/tr>\n<\/tbody>\n<\/table><\/figure>\n\n<p>Pour finaliser votre \u00e9quipement, pensez \u00e0 v\u00e9rifier la compatibilit\u00e9 matelas\/sommier sur <a href=\"https:\/\/literie.boutique\/blog\/mal-au-dos\/\">notre article d\u00e9di\u00e9 au mal de dos<\/a>.<\/p>\n\n<h2 class=\"wp-block-heading\">Les pi\u00e8ges \u00e0 \u00e9viter et les marques \u00e0 consulter absolument<\/h2>\n\n<p>\u201cUn matelas dur, c\u2019est bon pour le dos\u00a0\u00bb\u00a0? Pas toujours vrai. Un accueil trop rigide peut accentuer les points de pression. De m\u00eame, les mod\u00e8les \u00ab\u00a0pas chers\u00a0\u00bb en mousse l\u00e9g\u00e8re semblent attractifs\u2026 mais attention \u00e0 l\u2019affaissement pr\u00e9coce et au manque d\u2019ind\u00e9pendance de couchage. Les grandes marques du secteur, de Simmons \u00e0 Emma en passant par Merinos, se sont adapt\u00e9es \u00e0 cette client\u00e8le exigeante. Consid\u00e9rer le service apr\u00e8s-vente (garantie, essai, livraison) comme un crit\u00e8re d\u00e9cisif n\u2019est jamais superflu \u2013 surtout pour un investissement qui dure 7 \u00e0 10 ans au moins.<\/p>\n\n<ul class=\"wp-block-list\"><li>Lire minutieusement les avis sur la densit\u00e9 r\u00e9elle \u2013 attention aux faux mod\u00e8les latex\/m\u00e9moire de forme.<\/li><li>Privil\u00e9gier la transparence des tests (pr\u00e9sence de l\u2019\u00e9tiquetage complet des couches internes).<\/li><li>Tester le couchage en magasin d\u00e8s que possible.<\/li><li>Comparer les politiques d\u2019essai (jusqu\u2019\u00e0 100 nuits chez certaines enseignes, cf. Emma, Hypnia, Tediber).<\/li><li>Viser une fabrication fran\u00e7aise ou europ\u00e9enne pour minimiser risques de malfa\u00e7on et maximiser le SAV.<\/li><\/ul>\n\n<figure class=\"wp-block-table\"><table>\n<thead>\n<tr>\n<th>Marque<\/th>\n<th>Force<\/th>\n<th>Garantie<\/th>\n<th>Test en magasin<\/th>\n<\/tr>\n<\/thead>\n<tbody>\n<tr>\n<td>Emma<\/td>\n<td>Hybride, m\u00e9moire de forme, \u00e9paisseur<\/td>\n<td>10 ans<\/td>\n<td>Oui<\/td>\n<\/tr>\n<tr>\n<td>Epeda<\/td>\n<td>Ressorts, latex, bords renforc\u00e9s<\/td>\n<td>5 ans<\/td>\n<td>Oui<\/td>\n<\/tr>\n<tr>\n<td>Bultex<\/td>\n<td>Durabilit\u00e9, soutien<\/td>\n<td>7 ans<\/td>\n<td>Oui<\/td>\n<\/tr>\n<tr>\n<td>Tediber<\/td>\n<td>Latex naturel, accueil moelleux<\/td>\n<td>10 ans<\/td>\n<td>Non (vente en ligne)<\/td>\n<\/tr>\n<tr>\n<td>Tempur<\/td>\n<td>Technologie mousse, m\u00e9moire<\/td>\n<td>10 ans<\/td>\n<td>Oui<\/td>\n<\/tr>\n<tr>\n<td>Simmons<\/td>\n<td>Ressorts ensach\u00e9s premium<\/td>\n<td>7 ans<\/td>\n<td>Oui<\/td>\n<\/tr>\n<\/tbody>\n<\/table><\/figure>\n\n<p>Pour d\u00e9jouer les pi\u00e8ges classiques et consulter des comparatifs constamment mis \u00e0 jour, lisez <a href=\"https:\/\/literie.boutique\/blog\/choisir-matelas\/\">ce guide d\u2019achat<\/a> ou le point de vue des experts sur <a href=\"https:\/\/lacompagniedulit.com\/quel-matelas-choisir-pour-une-personne-de-forte-corpulence.html\">La Compagnie du Lit<\/a>.<\/p>\n\n<p>En d\u00e9finitive, investir dans un matelas adapt\u00e9 \u00e0 une forte corpulence n\u2019est pas seulement une affaire de centim\u00e8tres ou de densit\u00e9. C\u2019est l\u2019assurance, nuit apr\u00e8s nuit, de retrouver le plaisir de s\u2019allonger sans craindre l\u2019affaissement, de se relever sans douleurs, et de sentir chaque matin que le lit joue vraiment son r\u00f4le de refuge nocturne. Pour voir, toucher, essayer ces mod\u00e8les et d\u00e9couvrir l\u2019accueil en magasin, parcourez l\u2019<a href=\"https:\/\/literie.boutique\/blog\/epaisseur-matelas-soutien\/\">annuaire literie.boutique<\/a> et laissez-vous guider par des conseils personnalis\u00e9s pour vos besoins uniques.<\/p>\n\n","protected":false},"excerpt":{"rendered":"<p>Se r\u00e9veiller chaque matin avec le corps engourdi, ce n\u2019est pas une fatalit\u00e9. Beaucoup pensent qu\u2019il suffit de pousser la porte d\u2019un magasin et de choisir le plus \u00ab\u00a0gros\u00a0\u00bb matelas pour enfin bien dormir quand on a une forte corpulence. Pourtant, tout n\u2019est pas une question d\u2019\u00e9paisseur ou de ressorts. Le vrai d\u00e9fi ? Trouver [&hellip;]<\/p>\n","protected":false},"author":1,"featured_media":308,"comment_status":"open","ping_status":"open","sticky":false,"template":"","format":"standard","meta":{"_eb_attr":"","footnotes":""},"categories":[4],"tags":[],"class_list":["post-311","post","type-post","status-publish","format-standard","has-post-thumbnail","hentry","category-guides-achat-literie"],"yoast_head":"<!-- This site is optimized with the Yoast SEO plugin v27.4 - https:\/\/yoast.com\/product\/yoast-seo-wordpress\/ -->\n<title>Bien dormir quand on est solide : le guide du matelas adapt\u00e9<\/title>\n<meta name=\"description\" content=\"D\u00e9couvrez comment choisir le matelas id\u00e9al pour une personne de forte corpulence : conseils, crit\u00e8res essentiels et mod\u00e8les recommand\u00e9s.\" \/>\n<meta name=\"robots\" content=\"index, follow, max-snippet:-1, max-image-preview:large, max-video-preview:-1\" \/>\n<link rel=\"canonical\" href=\"https:\/\/literie.boutique\/blog\/matelas-forte-corpulence\/\" \/>\n<meta property=\"og:locale\" content=\"fr_FR\" \/>\n<meta property=\"og:type\" content=\"article\" \/>\n<meta property=\"og:title\" content=\"Bien dormir quand on est solide : le guide du matelas adapt\u00e9\" \/>\n<meta property=\"og:description\" content=\"D\u00e9couvrez comment choisir le matelas id\u00e9al pour une personne de forte corpulence : conseils, crit\u00e8res essentiels et mod\u00e8les recommand\u00e9s.\" \/>\n<meta property=\"og:url\" content=\"https:\/\/literie.boutique\/blog\/matelas-forte-corpulence\/\" \/>\n<meta property=\"og:site_name\" content=\"Blog literie\" \/>\n<meta property=\"article:published_time\" content=\"2025-08-28T15:05:25+00:00\" \/>\n<meta property=\"og:image\" content=\"https:\/\/literie.boutique\/blog\/wp-content\/uploads\/2025\/08\/Quel-matelas-choisir-pour-une-personne-de-forte-corpulence-.jpg\" \/>\n\t<meta property=\"og:image:width\" content=\"1344\" \/>\n\t<meta property=\"og:image:height\" content=\"768\" \/>\n\t<meta property=\"og:image:type\" content=\"image\/jpeg\" \/>\n<meta name=\"author\" content=\"Quentin\" \/>\n<meta name=\"twitter:card\" content=\"summary_large_image\" \/>\n<meta name=\"twitter:label1\" content=\"\u00c9crit par\" \/>\n\t<meta name=\"twitter:data1\" content=\"Quentin\" \/>\n\t<meta name=\"twitter:label2\" content=\"Dur\u00e9e de lecture estim\u00e9e\" \/>\n\t<meta name=\"twitter:data2\" content=\"10 minutes\" \/>\n<script type=\"application\/ld+json\" class=\"yoast-schema-graph\">{\"@context\":\"https:\\\/\\\/schema.org\",\"@graph\":[{\"@type\":\"Article\",\"@id\":\"https:\\\/\\\/literie.boutique\\\/blog\\\/matelas-forte-corpulence\\\/#article\",\"isPartOf\":{\"@id\":\"https:\\\/\\\/literie.boutique\\\/blog\\\/matelas-forte-corpulence\\\/\"},\"author\":{\"name\":\"Quentin\",\"@id\":\"https:\\\/\\\/literie.boutique\\\/blog\\\/#\\\/schema\\\/person\\\/18b20b7440db8006a7400c973f23869a\"},\"headline\":\"Quel matelas choisir pour une personne de forte corpulence\u00a0?\",\"datePublished\":\"2025-08-28T15:05:25+00:00\",\"mainEntityOfPage\":{\"@id\":\"https:\\\/\\\/literie.boutique\\\/blog\\\/matelas-forte-corpulence\\\/\"},\"wordCount\":1933,\"commentCount\":0,\"image\":{\"@id\":\"https:\\\/\\\/literie.boutique\\\/blog\\\/matelas-forte-corpulence\\\/#primaryimage\"},\"thumbnailUrl\":\"https:\\\/\\\/literie.boutique\\\/blog\\\/wp-content\\\/uploads\\\/2025\\\/08\\\/Quel-matelas-choisir-pour-une-personne-de-forte-corpulence-.jpg\",\"articleSection\":[\"Guides d\u2019achat literie\"],\"inLanguage\":\"fr-FR\",\"potentialAction\":[{\"@type\":\"CommentAction\",\"name\":\"Comment\",\"target\":[\"https:\\\/\\\/literie.boutique\\\/blog\\\/matelas-forte-corpulence\\\/#respond\"]}]},{\"@type\":\"WebPage\",\"@id\":\"https:\\\/\\\/literie.boutique\\\/blog\\\/matelas-forte-corpulence\\\/\",\"url\":\"https:\\\/\\\/literie.boutique\\\/blog\\\/matelas-forte-corpulence\\\/\",\"name\":\"Bien dormir quand on est solide : le guide du matelas adapt\u00e9\",\"isPartOf\":{\"@id\":\"https:\\\/\\\/literie.boutique\\\/blog\\\/#website\"},\"primaryImageOfPage\":{\"@id\":\"https:\\\/\\\/literie.boutique\\\/blog\\\/matelas-forte-corpulence\\\/#primaryimage\"},\"image\":{\"@id\":\"https:\\\/\\\/literie.boutique\\\/blog\\\/matelas-forte-corpulence\\\/#primaryimage\"},\"thumbnailUrl\":\"https:\\\/\\\/literie.boutique\\\/blog\\\/wp-content\\\/uploads\\\/2025\\\/08\\\/Quel-matelas-choisir-pour-une-personne-de-forte-corpulence-.jpg\",\"datePublished\":\"2025-08-28T15:05:25+00:00\",\"author\":{\"@id\":\"https:\\\/\\\/literie.boutique\\\/blog\\\/#\\\/schema\\\/person\\\/18b20b7440db8006a7400c973f23869a\"},\"description\":\"D\u00e9couvrez comment choisir le matelas id\u00e9al pour une personne de forte corpulence : conseils, crit\u00e8res essentiels et mod\u00e8les recommand\u00e9s.\",\"breadcrumb\":{\"@id\":\"https:\\\/\\\/literie.boutique\\\/blog\\\/matelas-forte-corpulence\\\/#breadcrumb\"},\"inLanguage\":\"fr-FR\",\"potentialAction\":[{\"@type\":\"ReadAction\",\"target\":[\"https:\\\/\\\/literie.boutique\\\/blog\\\/matelas-forte-corpulence\\\/\"]}]},{\"@type\":\"ImageObject\",\"inLanguage\":\"fr-FR\",\"@id\":\"https:\\\/\\\/literie.boutique\\\/blog\\\/matelas-forte-corpulence\\\/#primaryimage\",\"url\":\"https:\\\/\\\/literie.boutique\\\/blog\\\/wp-content\\\/uploads\\\/2025\\\/08\\\/Quel-matelas-choisir-pour-une-personne-de-forte-corpulence-.jpg\",\"contentUrl\":\"https:\\\/\\\/literie.boutique\\\/blog\\\/wp-content\\\/uploads\\\/2025\\\/08\\\/Quel-matelas-choisir-pour-une-personne-de-forte-corpulence-.jpg\",\"width\":1344,\"height\":768,\"caption\":\"d\u00e9couvrez nos conseils pour choisir le matelas id\u00e9al pour une personne de forte corpulence. confort, maintien, densit\u00e9 : trouvez le mod\u00e8le parfaitement adapt\u00e9 \u00e0 vos besoins pour un sommeil r\u00e9parateur.\"},{\"@type\":\"BreadcrumbList\",\"@id\":\"https:\\\/\\\/literie.boutique\\\/blog\\\/matelas-forte-corpulence\\\/#breadcrumb\",\"itemListElement\":[{\"@type\":\"ListItem\",\"position\":1,\"name\":\"Accueil\",\"item\":\"https:\\\/\\\/literie.boutique\\\/blog\\\/\"},{\"@type\":\"ListItem\",\"position\":2,\"name\":\"Quel matelas choisir pour une personne de forte corpulence\u00a0?\"}]},{\"@type\":\"WebSite\",\"@id\":\"https:\\\/\\\/literie.boutique\\\/blog\\\/#website\",\"url\":\"https:\\\/\\\/literie.boutique\\\/blog\\\/\",\"name\":\"Blog literie\",\"description\":\"\",\"potentialAction\":[{\"@type\":\"SearchAction\",\"target\":{\"@type\":\"EntryPoint\",\"urlTemplate\":\"https:\\\/\\\/literie.boutique\\\/blog\\\/?s={search_term_string}\"},\"query-input\":{\"@type\":\"PropertyValueSpecification\",\"valueRequired\":true,\"valueName\":\"search_term_string\"}}],\"inLanguage\":\"fr-FR\"},{\"@type\":\"Person\",\"@id\":\"https:\\\/\\\/literie.boutique\\\/blog\\\/#\\\/schema\\\/person\\\/18b20b7440db8006a7400c973f23869a\",\"name\":\"Quentin\",\"image\":{\"@type\":\"ImageObject\",\"inLanguage\":\"fr-FR\",\"@id\":\"https:\\\/\\\/secure.gravatar.com\\\/avatar\\\/41fdb4b53b53b73264d00c34f36d500658ce5d38b749a6be639259016cc951ea?s=96&d=mm&r=g\",\"url\":\"https:\\\/\\\/secure.gravatar.com\\\/avatar\\\/41fdb4b53b53b73264d00c34f36d500658ce5d38b749a6be639259016cc951ea?s=96&d=mm&r=g\",\"contentUrl\":\"https:\\\/\\\/secure.gravatar.com\\\/avatar\\\/41fdb4b53b53b73264d00c34f36d500658ce5d38b749a6be639259016cc951ea?s=96&d=mm&r=g\",\"caption\":\"Quentin\"},\"description\":\"Quentin a 15 ans d\u2019exp\u00e9rience dans le domaine de la literie et du sommeil. Passionn\u00e9 par le sujet, il s\u2019est form\u00e9 en continu sur les nouveaut\u00e9s (technologies de matelas, ergonomie, mat\u00e9riaux innovants) et a m\u00eame suivi des modules en ergonomie du sommeil.\",\"sameAs\":[\"https:\\\/\\\/literie.boutique\\\/blog\"],\"url\":\"https:\\\/\\\/literie.boutique\\\/blog\\\/author\\\/domaineswebnotoriete-com\\\/\"}]}<\/script>\n<!-- \/ Yoast SEO plugin. -->","yoast_head_json":{"title":"Bien dormir quand on est solide : le guide du matelas adapt\u00e9","description":"D\u00e9couvrez comment choisir le matelas id\u00e9al pour une personne de forte corpulence : conseils, crit\u00e8res essentiels et mod\u00e8les recommand\u00e9s.","robots":{"index":"index","follow":"follow","max-snippet":"max-snippet:-1","max-image-preview":"max-image-preview:large","max-video-preview":"max-video-preview:-1"},"canonical":"https:\/\/literie.boutique\/blog\/matelas-forte-corpulence\/","og_locale":"fr_FR","og_type":"article","og_title":"Bien dormir quand on est solide : le guide du matelas adapt\u00e9","og_description":"D\u00e9couvrez comment choisir le matelas id\u00e9al pour une personne de forte corpulence : conseils, crit\u00e8res essentiels et mod\u00e8les recommand\u00e9s.","og_url":"https:\/\/literie.boutique\/blog\/matelas-forte-corpulence\/","og_site_name":"Blog literie","article_published_time":"2025-08-28T15:05:25+00:00","og_image":[{"width":1344,"height":768,"url":"https:\/\/literie.boutique\/blog\/wp-content\/uploads\/2025\/08\/Quel-matelas-choisir-pour-une-personne-de-forte-corpulence-.jpg","type":"image\/jpeg"}],"author":"Quentin","twitter_card":"summary_large_image","twitter_misc":{"\u00c9crit par":"Quentin","Dur\u00e9e de lecture estim\u00e9e":"10 minutes"},"schema":{"@context":"https:\/\/schema.org","@graph":[{"@type":"Article","@id":"https:\/\/literie.boutique\/blog\/matelas-forte-corpulence\/#article","isPartOf":{"@id":"https:\/\/literie.boutique\/blog\/matelas-forte-corpulence\/"},"author":{"name":"Quentin","@id":"https:\/\/literie.boutique\/blog\/#\/schema\/person\/18b20b7440db8006a7400c973f23869a"},"headline":"Quel matelas choisir pour une personne de forte corpulence\u00a0?","datePublished":"2025-08-28T15:05:25+00:00","mainEntityOfPage":{"@id":"https:\/\/literie.boutique\/blog\/matelas-forte-corpulence\/"},"wordCount":1933,"commentCount":0,"image":{"@id":"https:\/\/literie.boutique\/blog\/matelas-forte-corpulence\/#primaryimage"},"thumbnailUrl":"https:\/\/literie.boutique\/blog\/wp-content\/uploads\/2025\/08\/Quel-matelas-choisir-pour-une-personne-de-forte-corpulence-.jpg","articleSection":["Guides d\u2019achat literie"],"inLanguage":"fr-FR","potentialAction":[{"@type":"CommentAction","name":"Comment","target":["https:\/\/literie.boutique\/blog\/matelas-forte-corpulence\/#respond"]}]},{"@type":"WebPage","@id":"https:\/\/literie.boutique\/blog\/matelas-forte-corpulence\/","url":"https:\/\/literie.boutique\/blog\/matelas-forte-corpulence\/","name":"Bien dormir quand on est solide : le guide du matelas adapt\u00e9","isPartOf":{"@id":"https:\/\/literie.boutique\/blog\/#website"},"primaryImageOfPage":{"@id":"https:\/\/literie.boutique\/blog\/matelas-forte-corpulence\/#primaryimage"},"image":{"@id":"https:\/\/literie.boutique\/blog\/matelas-forte-corpulence\/#primaryimage"},"thumbnailUrl":"https:\/\/literie.boutique\/blog\/wp-content\/uploads\/2025\/08\/Quel-matelas-choisir-pour-une-personne-de-forte-corpulence-.jpg","datePublished":"2025-08-28T15:05:25+00:00","author":{"@id":"https:\/\/literie.boutique\/blog\/#\/schema\/person\/18b20b7440db8006a7400c973f23869a"},"description":"D\u00e9couvrez comment choisir le matelas id\u00e9al pour une personne de forte corpulence : conseils, crit\u00e8res essentiels et mod\u00e8les recommand\u00e9s.","breadcrumb":{"@id":"https:\/\/literie.boutique\/blog\/matelas-forte-corpulence\/#breadcrumb"},"inLanguage":"fr-FR","potentialAction":[{"@type":"ReadAction","target":["https:\/\/literie.boutique\/blog\/matelas-forte-corpulence\/"]}]},{"@type":"ImageObject","inLanguage":"fr-FR","@id":"https:\/\/literie.boutique\/blog\/matelas-forte-corpulence\/#primaryimage","url":"https:\/\/literie.boutique\/blog\/wp-content\/uploads\/2025\/08\/Quel-matelas-choisir-pour-une-personne-de-forte-corpulence-.jpg","contentUrl":"https:\/\/literie.boutique\/blog\/wp-content\/uploads\/2025\/08\/Quel-matelas-choisir-pour-une-personne-de-forte-corpulence-.jpg","width":1344,"height":768,"caption":"d\u00e9couvrez nos conseils pour choisir le matelas id\u00e9al pour une personne de forte corpulence. confort, maintien, densit\u00e9 : trouvez le mod\u00e8le parfaitement adapt\u00e9 \u00e0 vos besoins pour un sommeil r\u00e9parateur."},{"@type":"BreadcrumbList","@id":"https:\/\/literie.boutique\/blog\/matelas-forte-corpulence\/#breadcrumb","itemListElement":[{"@type":"ListItem","position":1,"name":"Accueil","item":"https:\/\/literie.boutique\/blog\/"},{"@type":"ListItem","position":2,"name":"Quel matelas choisir pour une personne de forte corpulence\u00a0?"}]},{"@type":"WebSite","@id":"https:\/\/literie.boutique\/blog\/#website","url":"https:\/\/literie.boutique\/blog\/","name":"Blog literie","description":"","potentialAction":[{"@type":"SearchAction","target":{"@type":"EntryPoint","urlTemplate":"https:\/\/literie.boutique\/blog\/?s={search_term_string}"},"query-input":{"@type":"PropertyValueSpecification","valueRequired":true,"valueName":"search_term_string"}}],"inLanguage":"fr-FR"},{"@type":"Person","@id":"https:\/\/literie.boutique\/blog\/#\/schema\/person\/18b20b7440db8006a7400c973f23869a","name":"Quentin","image":{"@type":"ImageObject","inLanguage":"fr-FR","@id":"https:\/\/secure.gravatar.com\/avatar\/41fdb4b53b53b73264d00c34f36d500658ce5d38b749a6be639259016cc951ea?s=96&d=mm&r=g","url":"https:\/\/secure.gravatar.com\/avatar\/41fdb4b53b53b73264d00c34f36d500658ce5d38b749a6be639259016cc951ea?s=96&d=mm&r=g","contentUrl":"https:\/\/secure.gravatar.com\/avatar\/41fdb4b53b53b73264d00c34f36d500658ce5d38b749a6be639259016cc951ea?s=96&d=mm&r=g","caption":"Quentin"},"description":"Quentin a 15 ans d\u2019exp\u00e9rience dans le domaine de la literie et du sommeil. Passionn\u00e9 par le sujet, il s\u2019est form\u00e9 en continu sur les nouveaut\u00e9s (technologies de matelas, ergonomie, mat\u00e9riaux innovants) et a m\u00eame suivi des modules en ergonomie du sommeil.","sameAs":["https:\/\/literie.boutique\/blog"],"url":"https:\/\/literie.boutique\/blog\/author\/domaineswebnotoriete-com\/"}]}},"_links":{"self":[{"href":"https:\/\/literie.boutique\/blog\/wp-json\/wp\/v2\/posts\/311","targetHints":{"allow":["GET"]}}],"collection":[{"href":"https:\/\/literie.boutique\/blog\/wp-json\/wp\/v2\/posts"}],"about":[{"href":"https:\/\/literie.boutique\/blog\/wp-json\/wp\/v2\/types\/post"}],"author":[{"embeddable":true,"href":"https:\/\/literie.boutique\/blog\/wp-json\/wp\/v2\/users\/1"}],"replies":[{"embeddable":true,"href":"https:\/\/literie.boutique\/blog\/wp-json\/wp\/v2\/comments?post=311"}],"version-history":[{"count":0,"href":"https:\/\/literie.boutique\/blog\/wp-json\/wp\/v2\/posts\/311\/revisions"}],"wp:featuredmedia":[{"embeddable":true,"href":"https:\/\/literie.boutique\/blog\/wp-json\/wp\/v2\/media\/308"}],"wp:attachment":[{"href":"https:\/\/literie.boutique\/blog\/wp-json\/wp\/v2\/media?parent=311"}],"wp:term":[{"taxonomy":"category","embeddable":true,"href":"https:\/\/literie.boutique\/blog\/wp-json\/wp\/v2\/categories?post=311"},{"taxonomy":"post_tag","embeddable":true,"href":"https:\/\/literie.boutique\/blog\/wp-json\/wp\/v2\/tags?post=311"}],"curies":[{"name":"wp","href":"https:\/\/api.w.org\/{rel}","templated":true}]}}