{"id":268,"date":"2025-08-06T12:34:42","date_gmt":"2025-08-06T10:34:42","guid":{"rendered":"https:\/\/literie.boutique\/blog\/matelas-bebe-choisir\/"},"modified":"2025-08-06T12:34:42","modified_gmt":"2025-08-06T10:34:42","slug":"matelas-bebe-choisir","status":"publish","type":"post","link":"https:\/\/literie.boutique\/blog\/matelas-bebe-choisir\/","title":{"rendered":"Quel matelas choisir pour un b\u00e9b\u00e9\u00a0?"},"content":{"rendered":"<p>Choisir le matelas de votre b\u00e9b\u00e9 repr\u00e9sente bien plus qu&rsquo;un simple achat de literie. Votre petit bout passera entre 14 et 17 heures par jour sur ce couchage pendant ses premiers mois de vie. Entre les normes de s\u00e9curit\u00e9, les questions de fermet\u00e9 et la multitude de mat\u00e9riaux disponibles, difficile de s&rsquo;y retrouver quand on devient parent. Pourtant, quelques rep\u00e8res clairs suffisent pour faire le bon choix et offrir \u00e0 votre enfant un sommeil r\u00e9parateur en toute s\u00e9r\u00e9nit\u00e9.<\/p>\n\n<h2 class=\"wp-block-heading\">Les dimensions du matelas b\u00e9b\u00e9 : un crit\u00e8re non n\u00e9gociable<\/h2>\n\n<p>La taille du matelas d\u00e9termine avant tout la s\u00e9curit\u00e9 de votre enfant. <strong>Un matelas mal ajust\u00e9 dans le lit cr\u00e9e des espaces dangereux<\/strong> o\u00f9 b\u00e9b\u00e9 pourrait glisser un bras ou une jambe. Les fabricants comme <strong>B\u00e9b\u00e9 Confort<\/strong> et <strong>Kiddy<\/strong> proposent deux formats standard parfaitement adapt\u00e9s aux lits \u00e0 barreaux.<\/p>\n\n<p>Le format 60 x 120 cm convient aux berceaux et premiers lits de b\u00e9b\u00e9. Cette dimension accompagne g\u00e9n\u00e9ralement l&rsquo;enfant jusqu&rsquo;\u00e0 ses 2-3 ans. Pour un investissement plus durable, la taille 70 x 140 cm s&rsquo;av\u00e8re plus pertinente, permettant \u00e0 votre bambin de dormir confortablement jusqu&rsquo;\u00e0 5-6 ans.<\/p>\n\n<figure class=\"wp-block-table\"><table>\n<thead>\n<tr>\n<th>Dimension<\/th>\n<th>\u00c2ge recommand\u00e9<\/th>\n<th>Avantages<\/th>\n<th>Inconv\u00e9nients<\/th>\n<\/tr>\n<\/thead>\n<tbody>\n<tr>\n<td>60 x 120 cm<\/td>\n<td>0-3 ans<\/td>\n<td>Parfait pour nouveau-n\u00e9, moins encombrant<\/td>\n<td>Dur\u00e9e d&rsquo;usage limit\u00e9e<\/td>\n<\/tr>\n<tr>\n<td>70 x 140 cm<\/td>\n<td>0-6 ans<\/td>\n<td>Investissement durable, plus d&rsquo;espace<\/td>\n<td>Peut para\u00eetre grand pour un nouveau-n\u00e9<\/td>\n<\/tr>\n<\/tbody>\n<\/table><\/figure>\n\n<p>V\u00e9rifiez toujours que l&rsquo;espace entre le matelas et les barreaux du lit ne d\u00e9passe pas 2 cm. Cette mesure, pr\u00e9conis\u00e9e par les experts de <a href=\"https:\/\/www.quechoisir.org\/guide-d-achat-matelas-bebe-n67115\/\">Que Choisir<\/a>, garantit qu&rsquo;aucune partie du corps de b\u00e9b\u00e9 ne puisse se coincer.<\/p>\n\n<ul class=\"wp-block-list\"><li>Mesurez pr\u00e9cis\u00e9ment l&rsquo;int\u00e9rieur du lit avant l&rsquo;achat<\/li><li>Privil\u00e9giez un matelas aux angles bien droits<\/li><li>\u00c9vitez les matelas trop \u00e9pais qui r\u00e9duiraient la hauteur des barreaux<\/li><li>Pensez \u00e0 l&rsquo;\u00e9volutivit\u00e9 selon l&rsquo;\u00e2ge de votre enfant<\/li><li>V\u00e9rifiez la compatibilit\u00e9 avec votre mod\u00e8le de lit<\/li><\/ul>\n\n<figure class=\"wp-block-image size-full\"><img fetchpriority=\"high\" decoding=\"async\" width=\"1344\" height=\"768\" src=\"https:\/\/literie.boutique\/blog\/wp-content\/uploads\/2025\/08\/Quel-matelas-choisir-pour-un-bebe-1-1.jpg\" alt=\"d\u00e9couvrez les crit\u00e8res essentiels pour choisir le matelas id\u00e9al pour le sommeil de votre b\u00e9b\u00e9. explorez les diff\u00e9rentes options adapt\u00e9es \u00e0 son confort et \u00e0 sa s\u00e9curit\u00e9, afin de garantir des nuits paisibles et r\u00e9paratrices. informez-vous sur les mat\u00e9riaux, les dimensions et les normes de s\u00e9curit\u00e9 \u00e0 consid\u00e9rer pour faire le meilleur choix.\" class=\"wp-image-265\" srcset=\"https:\/\/literie.boutique\/blog\/wp-content\/uploads\/2025\/08\/Quel-matelas-choisir-pour-un-bebe-1-1.jpg 1344w, https:\/\/literie.boutique\/blog\/wp-content\/uploads\/2025\/08\/Quel-matelas-choisir-pour-un-bebe-1-1-300x171.jpg 300w, https:\/\/literie.boutique\/blog\/wp-content\/uploads\/2025\/08\/Quel-matelas-choisir-pour-un-bebe-1-1-1024x585.jpg 1024w, https:\/\/literie.boutique\/blog\/wp-content\/uploads\/2025\/08\/Quel-matelas-choisir-pour-un-bebe-1-1-768x439.jpg 768w\" sizes=\"(max-width: 1344px) 100vw, 1344px\" \/><\/figure>\n\n<h2 class=\"wp-block-heading\">Fermet\u00e9 et soutien : les piliers de la s\u00e9curit\u00e9<\/h2>\n\n<p><strong>Un matelas ferme reste le seul choix acceptable pour un b\u00e9b\u00e9.<\/strong> Cette r\u00e8gle, unanimement partag\u00e9e par les p\u00e9diatres, d\u00e9coule de consid\u00e9rations de s\u00e9curit\u00e9 avant tout. Un matelas trop mou risque de se d\u00e9former sous le poids de l&rsquo;enfant et de cr\u00e9er une cuvette autour de sa t\u00eate, augmentant les risques de suffocation.<\/p>\n\n<p>La fermet\u00e9 soutient \u00e9galement le d\u00e9veloppement de la colonne vert\u00e9brale de votre tout-petit. Contrairement aux adultes qui recherchent parfois un certain moelleux, les b\u00e9b\u00e9s ont besoin d&rsquo;un support stable pour leur croissance osseuse. Les marques comme <strong>Epeda<\/strong> et <strong>Simmons<\/strong> d\u00e9veloppent des gammes sp\u00e9cifiquement con\u00e7ues pour r\u00e9pondre \u00e0 ces exigences.<\/p>\n\n<h3 class=\"wp-block-heading\">Comment tester la fermet\u00e9 d&rsquo;un matelas<\/h3>\n\n<p>Le test de la main permet d&rsquo;\u00e9valuer rapidement la fermet\u00e9. Appuyez fermement avec votre paume au centre du matelas : il doit reprendre sa forme initiale imm\u00e9diatement, sans laisser d&#8217;empreinte persistante. Si votre main s&rsquo;enfonce de plus de 2-3 cm, le matelas est trop mou pour un b\u00e9b\u00e9.<\/p>\n\n<p>La densit\u00e9 constitue l&rsquo;indicateur technique le plus fiable. <strong>Une densit\u00e9 minimale de 20 kg\/m\u00b3 s&rsquo;impose pour les nouveau-n\u00e9s<\/strong>, avec un optimum autour de 28 kg\/m\u00b3 selon les recommandations de <a href=\"https:\/\/babymoov.com\/pages\/comment-doit-etre-le-matelas-de-bebe\">Babymoov<\/a>. Cette mesure garantit \u00e0 la fois fermet\u00e9 et durabilit\u00e9.<\/p>\n\n<h3 class=\"wp-block-heading\">L&rsquo;\u00e9paisseur id\u00e9ale pour votre b\u00e9b\u00e9<\/h3>\n\n<p>L&rsquo;\u00e9paisseur standard oscille entre 9 et 12 cm pour les matelas de b\u00e9b\u00e9. Une \u00e9paisseur de 10 cm repr\u00e9sente le compromis parfait entre confort et s\u00e9curit\u00e9. Plus fin, le matelas manquerait de soutien ; plus \u00e9pais, il pourrait r\u00e9duire la hauteur utile des barreaux du lit.<\/p>\n\n<p>Cette mesure influence directement la s\u00e9curit\u00e9 : les barreaux doivent d\u00e9passer d&rsquo;au moins 60 cm le sommet du matelas pour emp\u00eacher b\u00e9b\u00e9 de basculer par-dessus. <strong>Tontine<\/strong> et <strong>Dodo<\/strong> respectent scrupuleusement ces standards dans leurs collections d\u00e9di\u00e9es aux tout-petits.<\/p>\n\n<figure class=\"wp-block-table\"><table>\n<thead>\n<tr>\n<th>\u00c9paisseur<\/th>\n<th>Densit\u00e9 recommand\u00e9e<\/th>\n<th>Usage<\/th>\n<th>Durabilit\u00e9<\/th>\n<\/tr>\n<\/thead>\n<tbody>\n<tr>\n<td>8-9 cm<\/td>\n<td>18-20 kg\/m\u00b3<\/td>\n<td>Usage occasionnel<\/td>\n<td>2-3 ans<\/td>\n<\/tr>\n<tr>\n<td>10-11 cm<\/td>\n<td>25-28 kg\/m\u00b3<\/td>\n<td>Usage quotidien<\/td>\n<td>4-5 ans<\/td>\n<\/tr>\n<tr>\n<td>12 cm<\/td>\n<td>28-30 kg\/m\u00b3<\/td>\n<td>Usage intensif<\/td>\n<td>6-8 ans<\/td>\n<\/tr>\n<\/tbody>\n<\/table><\/figure>\n\n<h2 class=\"wp-block-heading\">Mat\u00e9riaux et technologies : d\u00e9m\u00ealer le vrai du faux<\/h2>\n\n<p>La mousse polyur\u00e9thane domine largement le march\u00e9 des matelas b\u00e9b\u00e9, et pour cause. Ce mat\u00e9riau offre un excellent rapport qualit\u00e9-prix tout en garantissant la fermet\u00e9 requise. <strong>Bultex<\/strong>, pionnier dans ce domaine, propose des mousses haute r\u00e9silience sp\u00e9cialement formul\u00e9es pour les tout-petits.<\/p>\n\n<p>Le latex naturel s\u00e9duit de plus en plus de parents soucieux d&rsquo;\u00e9cologie. Naturellement antibact\u00e9rien et hypoallerg\u00e9nique, il pr\u00e9sente une excellente durabilit\u00e9. Attention toutefois aux densit\u00e9s : certains latex trop souples ne conviennent pas aux nouveau-n\u00e9s. Les gammes de <strong>Lulu &amp; Cie<\/strong> allient latex et fermet\u00e9 adapt\u00e9e.<\/p>\n\n<h3 class=\"wp-block-heading\">Les certifications \u00e0 rechercher absolument<\/h3>\n\n<p>Oeko-Tex Standard 100 certifie l&rsquo;absence de substances nocives dans les textiles. Cette labellisation teste plus de 100 compos\u00e9s potentiellement dangereux, des m\u00e9taux lourds aux pesticides. Un matelas certifi\u00e9 Oeko-Tex garantit que b\u00e9b\u00e9 ne sera pas expos\u00e9 \u00e0 des r\u00e9sidus chimiques pendant son sommeil.<\/p>\n\n<p>Certipur-US concerne sp\u00e9cifiquement les mousses polyur\u00e9thane. Cette certification europ\u00e9enne assure que la mousse ne contient pas de m\u00e9taux lourds, de formald\u00e9hyde ou de substances appauvrissant la couche d&rsquo;ozone. <a href=\"https:\/\/www.parents.fr\/bebe\/sommeil-de-bebe\/coucher-bebe\/comment-choisir-le-matelas-de-bebe-901421\">Parents.fr<\/a> recommande de v\u00e9rifier syst\u00e9matiquement ces labels avant tout achat.<\/p>\n\n<ul class=\"wp-block-list\"><li>Mousse polyur\u00e9thane : l\u00e9g\u00e8re, ferme, \u00e9conomique<\/li><li>Latex naturel : antibact\u00e9rien, durable, \u00e9cologique<\/li><li>Fibres de coco : respirant, ferme, naturel<\/li><li>Mousse \u00e0 m\u00e9moire de forme : interdite avant 6 mois<\/li><li>Ressorts ensach\u00e9s : d\u00e9conseill\u00e9s pour les b\u00e9b\u00e9s<\/li><\/ul>\n\n<h3 class=\"wp-block-heading\">Gare aux mat\u00e9riaux d\u00e9conseill\u00e9s<\/h3>\n\n<p>La mousse \u00e0 m\u00e9moire de forme, pl\u00e9biscit\u00e9e par les adultes, s&rsquo;av\u00e8re dangereuse pour les b\u00e9b\u00e9s de moins de 6 mois. Ce mat\u00e9riau \u00e9pouse trop \u00e9troitement les formes du corps et peut cr\u00e9er une cuvette autour du visage de l&rsquo;enfant. <strong>Tempur<\/strong>, leader de cette technologie, ne commercialise d&rsquo;ailleurs aucun matelas m\u00e9moire de forme pour nouveau-n\u00e9s.<\/p>\n\n<p>Les matelas \u00e0 ressorts, m\u00eame ensach\u00e9s, pr\u00e9sentent une fermet\u00e9 trop in\u00e9gale pour les tout-petits. B\u00e9b\u00e9 a besoin d&rsquo;un soutien homog\u00e8ne sur toute la surface de couchage, ce que ne peuvent garantir les suspensions m\u00e9talliques.<\/p>\n\n<figure class=\"wp-block-image size-full\"><img decoding=\"async\" width=\"1344\" height=\"768\" src=\"https:\/\/literie.boutique\/blog\/wp-content\/uploads\/2025\/08\/Quel-matelas-choisir-pour-un-bebe-1-2.jpg\" alt=\"d\u00e9couvrez comment choisir le matelas id\u00e9al pour votre b\u00e9b\u00e9. apprenez les crit\u00e8res essentiels pour garantir un sommeil s\u00e9curis\u00e9 et confortable, ainsi que les diff\u00e9rents types de matelas disponibles sur le march\u00e9.\" class=\"wp-image-266\" srcset=\"https:\/\/literie.boutique\/blog\/wp-content\/uploads\/2025\/08\/Quel-matelas-choisir-pour-un-bebe-1-2.jpg 1344w, https:\/\/literie.boutique\/blog\/wp-content\/uploads\/2025\/08\/Quel-matelas-choisir-pour-un-bebe-1-2-300x171.jpg 300w, https:\/\/literie.boutique\/blog\/wp-content\/uploads\/2025\/08\/Quel-matelas-choisir-pour-un-bebe-1-2-1024x585.jpg 1024w, https:\/\/literie.boutique\/blog\/wp-content\/uploads\/2025\/08\/Quel-matelas-choisir-pour-un-bebe-1-2-768x439.jpg 768w\" sizes=\"(max-width: 1344px) 100vw, 1344px\" \/><\/figure>\n\n<h2 class=\"wp-block-heading\">Hygi\u00e8ne et entretien : la cl\u00e9 d&rsquo;un environnement sain<\/h2>\n\n<p><strong>Un matelas d\u00e9houssable facilite grandement l&rsquo;entretien quotidien.<\/strong> Entre les r\u00e9gurgitations, les fuites de couche et les petits accidents, la housse du matelas subit de nombreuses agressions. Pouvoir la retirer et la laver en machine \u00e0 60\u00b0C permet d&rsquo;\u00e9liminer efficacement bact\u00e9ries et acariens.<\/p>\n\n<p>Les traitements antibact\u00e9riens et anti-acariens apportent une protection suppl\u00e9mentaire. <strong>Mobalpa<\/strong> int\u00e8gre ces technologies dans ses matelas sans recourir \u00e0 des produits chimiques agressifs. Ces traitements naturels, souvent \u00e0 base d&rsquo;extraits d&rsquo;aloe vera ou d&rsquo;huiles essentielles, pr\u00e9servent la sant\u00e9 respiratoire de b\u00e9b\u00e9.<\/p>\n\n<h3 class=\"wp-block-heading\">L&rsquo;importance de l&rsquo;a\u00e9ration du matelas<\/h3>\n\n<p>La structure alv\u00e9olaire de certaines mousses favorise la circulation de l&rsquo;air \u00e0 l&rsquo;int\u00e9rieur du matelas. Cette ventilation naturelle \u00e9vacue l&rsquo;humidit\u00e9 li\u00e9e \u00e0 la transpiration et aux accidents nocturnes. Un matelas mal a\u00e9r\u00e9 devient rapidement un nid \u00e0 moisissures et \u00e0 bact\u00e9ries.<\/p>\n\n<p>Les perforations lat\u00e9rales, pr\u00e9sentes sur de nombreux mod\u00e8les, renforcent cette circulation d&rsquo;air. Selon <a href=\"https:\/\/www.lemagdusommeil.com\/guides\/matelas\/quel-matelas-bebe\">Le Mag du Sommeil<\/a>, ces micro-perforations peuvent r\u00e9duire de 40% l&rsquo;accumulation d&rsquo;humidit\u00e9 dans le matelas.<\/p>\n\n<figure class=\"wp-block-table\"><table>\n<thead>\n<tr>\n<th>Type de traitement<\/th>\n<th>Efficacit\u00e9<\/th>\n<th>Durabilit\u00e9<\/th>\n<th>S\u00e9curit\u00e9<\/th>\n<\/tr>\n<\/thead>\n<tbody>\n<tr>\n<td>Anti-acariens naturel<\/td>\n<td>85%<\/td>\n<td>3-4 ans<\/td>\n<td>Excellente<\/td>\n<\/tr>\n<tr>\n<td>Antibact\u00e9rien<\/td>\n<td>90%<\/td>\n<td>2-3 ans<\/td>\n<td>Bonne<\/td>\n<\/tr>\n<tr>\n<td>Thermor\u00e9gulateur<\/td>\n<td>70%<\/td>\n<td>4-5 ans<\/td>\n<td>Excellente<\/td>\n<\/tr>\n<\/tbody>\n<\/table><\/figure>\n\n<h3 class=\"wp-block-heading\">Les gestes d&rsquo;entretien indispensables<\/h3>\n\n<p>A\u00e9rer quotidiennement le matelas en retirant draps et al\u00e8se maintient un environnement sain. Cette ventilation de 15-20 minutes chaque matin \u00e9vacue l&rsquo;humidit\u00e9 nocturne et rafra\u00eechit la literie. Profitez-en pour inspecter visuellement le matelas et d\u00e9tecter d&rsquo;\u00e9ventuelles taches ou d\u00e9formations.<\/p>\n\n<p>L&rsquo;aspirateur, utilis\u00e9 une fois par semaine avec l&#8217;embout adapt\u00e9, \u00e9limine poussi\u00e8res et allerg\u00e8nes incrust\u00e9s dans les fibres. Cette op\u00e9ration simple prolonge significativement la dur\u00e9e de vie du matelas tout en pr\u00e9servant la sant\u00e9 de b\u00e9b\u00e9.<\/p>\n\n<ul class=\"wp-block-list\"><li>Lavage de la housse \u00e0 60\u00b0C minimum une fois par semaine<\/li><li>A\u00e9ration quotidienne de 15-20 minutes<\/li><li>Aspiration hebdomadaire avec embout textile<\/li><li>Rotation du matelas tous les 2-3 mois<\/li><li>Protection par al\u00e8se imperm\u00e9able respirante<\/li><li>Inspection visuelle r\u00e9guli\u00e8re des d\u00e9formations<\/li><\/ul>\n\n<h2 class=\"wp-block-heading\">Budget et dur\u00e9e de vie : investir malin<\/h2>\n\n<p>Un matelas b\u00e9b\u00e9 de qualit\u00e9 co\u00fbte g\u00e9n\u00e9ralement entre 80 et 250 euros. Cette fourchette peut para\u00eetre large, mais elle refl\u00e8te des diff\u00e9rences substantielles en termes de mat\u00e9riaux, de finitions et de durabilit\u00e9. <a href=\"https:\/\/www.bebe9.com\/comment-choisir-un-matelas-pour-bebe.html\">B\u00e9b\u00e99<\/a> propose une gamme \u00e9tendue permettant \u00e0 chaque famille de trouver le produit adapt\u00e9 \u00e0 son budget.<\/p>\n\n<p>Investir dans un matelas de milieu de gamme (120-180 euros) s&rsquo;av\u00e8re souvent plus \u00e9conomique qu&rsquo;acheter un produit d&rsquo;entr\u00e9e de gamme tous les deux ans. Les matelas premier prix montrent rapidement leurs limites : affaissement pr\u00e9matur\u00e9, perte de fermet\u00e9, d\u00e9t\u00e9rioration de l&rsquo;hygi\u00e8ne.<\/p>\n\n<h3 class=\"wp-block-heading\">Les signes qui imposent un changement<\/h3>\n\n<p>L&rsquo;affaissement central constitue le premier indicateur d&rsquo;usure. Si vous constatez une d\u00e9pression permanente l\u00e0 o\u00f9 dort habituellement b\u00e9b\u00e9, le soutien n&rsquo;est plus optimal. Cette d\u00e9formation peut appara\u00eetre d\u00e8s 18 mois sur les matelas de qualit\u00e9 m\u00e9diocre.<\/p>\n\n<p>Les taches persistantes, malgr\u00e9 un entretien r\u00e9gulier, signalent que le matelas a atteint ses limites d&rsquo;absorption. Au-del\u00e0 de l&rsquo;aspect inesth\u00e9tique, ces marques deviennent des foyers de d\u00e9veloppement bact\u00e9rien. <strong>Il vaut mieux remplacer le matelas que de compromettre la sant\u00e9 de votre enfant.<\/strong><\/p>\n\n<figure class=\"wp-block-table\"><table>\n<thead>\n<tr>\n<th>Gamme de prix<\/th>\n<th>Dur\u00e9e de vie moyenne<\/th>\n<th>Mat\u00e9riaux typiques<\/th>\n<th>Garantie<\/th>\n<\/tr>\n<\/thead>\n<tbody>\n<tr>\n<td>50-80\u20ac<\/td>\n<td>2-3 ans<\/td>\n<td>Mousse basique<\/td>\n<td>1 an<\/td>\n<\/tr>\n<tr>\n<td>80-150\u20ac<\/td>\n<td>4-5 ans<\/td>\n<td>Mousse HR, latex<\/td>\n<td>2-3 ans<\/td>\n<\/tr>\n<tr>\n<td>150-250\u20ac<\/td>\n<td>6-8 ans<\/td>\n<td>Latex naturel, bio<\/td>\n<td>5 ans<\/td>\n<\/tr>\n<\/tbody>\n<\/table><\/figure>\n\n<h3 class=\"wp-block-heading\">Quand pr\u00e9voir le remplacement<\/h3>\n\n<p>La transition vers un lit d&rsquo;enfant, g\u00e9n\u00e9ralement vers 2-3 ans, impose souvent un changement de matelas pour s&rsquo;adapter aux nouvelles dimensions. Cette \u00e9ch\u00e9ance naturelle justifie de ne pas forc\u00e9ment investir dans le matelas b\u00e9b\u00e9 le plus cher si vous pr\u00e9voyez ce changement rapidement.<\/p>\n\n<p>Pour les familles qui envisagent plusieurs enfants, un matelas haut de gamme peut servir successivement \u00e0 plusieurs b\u00e9b\u00e9s. Les mod\u00e8les de <strong>Tempur<\/strong> ou <strong>Epeda<\/strong> conservent leurs propri\u00e9t\u00e9s sur 6-8 ans avec un entretien appropri\u00e9, rentabilisant l&rsquo;investissement initial.<\/p>\n\n<figure class=\"wp-block-image size-full\"><img decoding=\"async\" width=\"1344\" height=\"768\" src=\"https:\/\/literie.boutique\/blog\/wp-content\/uploads\/2025\/08\/Quel-matelas-choisir-pour-un-bebe-1-3.jpg\" alt=\"d\u00e9couvrez comment choisir le matelas id\u00e9al pour votre b\u00e9b\u00e9. notre guide vous pr\u00e9sente les crit\u00e8res essentiels \u00e0 prendre en compte, des mat\u00e9riaux aux dimensions, afin d&#039;assurer confort et s\u00e9curit\u00e9 durant le sommeil de votre enfant.\" class=\"wp-image-267\" srcset=\"https:\/\/literie.boutique\/blog\/wp-content\/uploads\/2025\/08\/Quel-matelas-choisir-pour-un-bebe-1-3.jpg 1344w, https:\/\/literie.boutique\/blog\/wp-content\/uploads\/2025\/08\/Quel-matelas-choisir-pour-un-bebe-1-3-300x171.jpg 300w, https:\/\/literie.boutique\/blog\/wp-content\/uploads\/2025\/08\/Quel-matelas-choisir-pour-un-bebe-1-3-1024x585.jpg 1024w, https:\/\/literie.boutique\/blog\/wp-content\/uploads\/2025\/08\/Quel-matelas-choisir-pour-un-bebe-1-3-768x439.jpg 768w\" sizes=\"(max-width: 1344px) 100vw, 1344px\" \/><\/figure>\n\n<p>Choisir le matelas de votre b\u00e9b\u00e9 n&rsquo;a rien d&rsquo;anodin : ce couchage accompagne votre enfant dans ses premi\u00e8res ann\u00e9es de d\u00e9veloppement. La fermet\u00e9 reste le crit\u00e8re de s\u00e9curit\u00e9 incontournable, tandis que les bonnes dimensions garantissent un environnement sans danger. Les mat\u00e9riaux certifi\u00e9s et les housses d\u00e9houssables facilitent l&rsquo;entretien quotidien, pr\u00e9servant ainsi la sant\u00e9 de votre petit tr\u00e9sor. N&rsquo;h\u00e9sitez pas \u00e0 consulter les professionnels r\u00e9f\u00e9renc\u00e9s sur <a href=\"https:\/\/www.vertbaudet.fr\/page\/espace-conseils\/guide-matelas.htm\">literie.boutique<\/a> pour tester ces matelas et b\u00e9n\u00e9ficier de conseils personnalis\u00e9s selon l&rsquo;\u00e2ge et les besoins sp\u00e9cifiques de votre enfant.<\/p>\n\n","protected":false},"excerpt":{"rendered":"<p>Choisir le matelas de votre b\u00e9b\u00e9 repr\u00e9sente bien plus qu&rsquo;un simple achat de literie. Votre petit bout passera entre 14 et 17 heures par jour sur ce couchage pendant ses premiers mois de vie. Entre les normes de s\u00e9curit\u00e9, les questions de fermet\u00e9 et la multitude de mat\u00e9riaux disponibles, difficile de s&rsquo;y retrouver quand on [&hellip;]<\/p>\n","protected":false},"author":1,"featured_media":264,"comment_status":"open","ping_status":"open","sticky":false,"template":"","format":"standard","meta":{"_eb_attr":"","footnotes":""},"categories":[4],"tags":[],"class_list":["post-268","post","type-post","status-publish","format-standard","has-post-thumbnail","hentry","category-guides-achat-literie"],"yoast_head":"<!-- This site is optimized with the Yoast SEO plugin v27.4 - https:\/\/yoast.com\/product\/yoast-seo-wordpress\/ -->\n<title>Le guide essentiel pour choisir le matelas id\u00e9al de votre b\u00e9b\u00e9<\/title>\n<meta name=\"description\" content=\"D\u00e9couvrez comment choisir le meilleur matelas pour b\u00e9b\u00e9 : conseils, s\u00e9curit\u00e9, confort et crit\u00e8res indispensables pour un sommeil serein.\" \/>\n<meta name=\"robots\" content=\"index, follow, max-snippet:-1, max-image-preview:large, max-video-preview:-1\" \/>\n<link rel=\"canonical\" href=\"https:\/\/literie.boutique\/blog\/matelas-bebe-choisir\/\" \/>\n<meta property=\"og:locale\" content=\"fr_FR\" \/>\n<meta property=\"og:type\" content=\"article\" \/>\n<meta property=\"og:title\" content=\"Le guide essentiel pour choisir le matelas id\u00e9al de votre b\u00e9b\u00e9\" \/>\n<meta property=\"og:description\" content=\"D\u00e9couvrez comment choisir le meilleur matelas pour b\u00e9b\u00e9 : conseils, s\u00e9curit\u00e9, confort et crit\u00e8res indispensables pour un sommeil serein.\" \/>\n<meta property=\"og:url\" content=\"https:\/\/literie.boutique\/blog\/matelas-bebe-choisir\/\" \/>\n<meta property=\"og:site_name\" content=\"Blog literie\" \/>\n<meta property=\"article:published_time\" content=\"2025-08-06T10:34:42+00:00\" \/>\n<meta property=\"og:image\" content=\"https:\/\/literie.boutique\/blog\/wp-content\/uploads\/2025\/08\/Quel-matelas-choisir-pour-un-bebe-.jpg\" \/>\n\t<meta property=\"og:image:width\" content=\"1344\" \/>\n\t<meta property=\"og:image:height\" content=\"768\" \/>\n\t<meta property=\"og:image:type\" content=\"image\/jpeg\" \/>\n<meta name=\"author\" content=\"Quentin\" \/>\n<meta name=\"twitter:card\" content=\"summary_large_image\" \/>\n<meta name=\"twitter:label1\" content=\"\u00c9crit par\" \/>\n\t<meta name=\"twitter:data1\" content=\"Quentin\" \/>\n\t<meta name=\"twitter:label2\" content=\"Dur\u00e9e de lecture estim\u00e9e\" \/>\n\t<meta name=\"twitter:data2\" content=\"9 minutes\" \/>\n<script type=\"application\/ld+json\" class=\"yoast-schema-graph\">{\"@context\":\"https:\\\/\\\/schema.org\",\"@graph\":[{\"@type\":\"Article\",\"@id\":\"https:\\\/\\\/literie.boutique\\\/blog\\\/matelas-bebe-choisir\\\/#article\",\"isPartOf\":{\"@id\":\"https:\\\/\\\/literie.boutique\\\/blog\\\/matelas-bebe-choisir\\\/\"},\"author\":{\"name\":\"Quentin\",\"@id\":\"https:\\\/\\\/literie.boutique\\\/blog\\\/#\\\/schema\\\/person\\\/18b20b7440db8006a7400c973f23869a\"},\"headline\":\"Quel matelas choisir pour un b\u00e9b\u00e9\u00a0?\",\"datePublished\":\"2025-08-06T10:34:42+00:00\",\"mainEntityOfPage\":{\"@id\":\"https:\\\/\\\/literie.boutique\\\/blog\\\/matelas-bebe-choisir\\\/\"},\"wordCount\":1854,\"commentCount\":0,\"image\":{\"@id\":\"https:\\\/\\\/literie.boutique\\\/blog\\\/matelas-bebe-choisir\\\/#primaryimage\"},\"thumbnailUrl\":\"https:\\\/\\\/literie.boutique\\\/blog\\\/wp-content\\\/uploads\\\/2025\\\/08\\\/Quel-matelas-choisir-pour-un-bebe-.jpg\",\"articleSection\":[\"Guides d\u2019achat literie\"],\"inLanguage\":\"fr-FR\",\"potentialAction\":[{\"@type\":\"CommentAction\",\"name\":\"Comment\",\"target\":[\"https:\\\/\\\/literie.boutique\\\/blog\\\/matelas-bebe-choisir\\\/#respond\"]}]},{\"@type\":\"WebPage\",\"@id\":\"https:\\\/\\\/literie.boutique\\\/blog\\\/matelas-bebe-choisir\\\/\",\"url\":\"https:\\\/\\\/literie.boutique\\\/blog\\\/matelas-bebe-choisir\\\/\",\"name\":\"Le guide essentiel pour choisir le matelas id\u00e9al de votre b\u00e9b\u00e9\",\"isPartOf\":{\"@id\":\"https:\\\/\\\/literie.boutique\\\/blog\\\/#website\"},\"primaryImageOfPage\":{\"@id\":\"https:\\\/\\\/literie.boutique\\\/blog\\\/matelas-bebe-choisir\\\/#primaryimage\"},\"image\":{\"@id\":\"https:\\\/\\\/literie.boutique\\\/blog\\\/matelas-bebe-choisir\\\/#primaryimage\"},\"thumbnailUrl\":\"https:\\\/\\\/literie.boutique\\\/blog\\\/wp-content\\\/uploads\\\/2025\\\/08\\\/Quel-matelas-choisir-pour-un-bebe-.jpg\",\"datePublished\":\"2025-08-06T10:34:42+00:00\",\"author\":{\"@id\":\"https:\\\/\\\/literie.boutique\\\/blog\\\/#\\\/schema\\\/person\\\/18b20b7440db8006a7400c973f23869a\"},\"description\":\"D\u00e9couvrez comment choisir le meilleur matelas pour b\u00e9b\u00e9 : conseils, s\u00e9curit\u00e9, confort et crit\u00e8res indispensables pour un sommeil serein.\",\"breadcrumb\":{\"@id\":\"https:\\\/\\\/literie.boutique\\\/blog\\\/matelas-bebe-choisir\\\/#breadcrumb\"},\"inLanguage\":\"fr-FR\",\"potentialAction\":[{\"@type\":\"ReadAction\",\"target\":[\"https:\\\/\\\/literie.boutique\\\/blog\\\/matelas-bebe-choisir\\\/\"]}]},{\"@type\":\"ImageObject\",\"inLanguage\":\"fr-FR\",\"@id\":\"https:\\\/\\\/literie.boutique\\\/blog\\\/matelas-bebe-choisir\\\/#primaryimage\",\"url\":\"https:\\\/\\\/literie.boutique\\\/blog\\\/wp-content\\\/uploads\\\/2025\\\/08\\\/Quel-matelas-choisir-pour-un-bebe-.jpg\",\"contentUrl\":\"https:\\\/\\\/literie.boutique\\\/blog\\\/wp-content\\\/uploads\\\/2025\\\/08\\\/Quel-matelas-choisir-pour-un-bebe-.jpg\",\"width\":1344,\"height\":768,\"caption\":\"d\u00e9couvrez comment choisir le matelas id\u00e9al pour le sommeil de votre b\u00e9b\u00e9. explorez les crit\u00e8res essentiels tels que la fermet\u00e9, les mat\u00e9riaux et la s\u00e9curit\u00e9, afin d'assurer un confort optimal et un d\u00e9veloppement sain \u00e0 votre enfant. ne laissez rien au hasard pour le bien-\u00eatre de votre petit!\"},{\"@type\":\"BreadcrumbList\",\"@id\":\"https:\\\/\\\/literie.boutique\\\/blog\\\/matelas-bebe-choisir\\\/#breadcrumb\",\"itemListElement\":[{\"@type\":\"ListItem\",\"position\":1,\"name\":\"Accueil\",\"item\":\"https:\\\/\\\/literie.boutique\\\/blog\\\/\"},{\"@type\":\"ListItem\",\"position\":2,\"name\":\"Quel matelas choisir pour un b\u00e9b\u00e9\u00a0?\"}]},{\"@type\":\"WebSite\",\"@id\":\"https:\\\/\\\/literie.boutique\\\/blog\\\/#website\",\"url\":\"https:\\\/\\\/literie.boutique\\\/blog\\\/\",\"name\":\"Blog literie\",\"description\":\"\",\"potentialAction\":[{\"@type\":\"SearchAction\",\"target\":{\"@type\":\"EntryPoint\",\"urlTemplate\":\"https:\\\/\\\/literie.boutique\\\/blog\\\/?s={search_term_string}\"},\"query-input\":{\"@type\":\"PropertyValueSpecification\",\"valueRequired\":true,\"valueName\":\"search_term_string\"}}],\"inLanguage\":\"fr-FR\"},{\"@type\":\"Person\",\"@id\":\"https:\\\/\\\/literie.boutique\\\/blog\\\/#\\\/schema\\\/person\\\/18b20b7440db8006a7400c973f23869a\",\"name\":\"Quentin\",\"image\":{\"@type\":\"ImageObject\",\"inLanguage\":\"fr-FR\",\"@id\":\"https:\\\/\\\/secure.gravatar.com\\\/avatar\\\/41fdb4b53b53b73264d00c34f36d500658ce5d38b749a6be639259016cc951ea?s=96&d=mm&r=g\",\"url\":\"https:\\\/\\\/secure.gravatar.com\\\/avatar\\\/41fdb4b53b53b73264d00c34f36d500658ce5d38b749a6be639259016cc951ea?s=96&d=mm&r=g\",\"contentUrl\":\"https:\\\/\\\/secure.gravatar.com\\\/avatar\\\/41fdb4b53b53b73264d00c34f36d500658ce5d38b749a6be639259016cc951ea?s=96&d=mm&r=g\",\"caption\":\"Quentin\"},\"description\":\"Quentin a 15 ans d\u2019exp\u00e9rience dans le domaine de la literie et du sommeil. Passionn\u00e9 par le sujet, il s\u2019est form\u00e9 en continu sur les nouveaut\u00e9s (technologies de matelas, ergonomie, mat\u00e9riaux innovants) et a m\u00eame suivi des modules en ergonomie du sommeil.\",\"sameAs\":[\"https:\\\/\\\/literie.boutique\\\/blog\"],\"url\":\"https:\\\/\\\/literie.boutique\\\/blog\\\/author\\\/domaineswebnotoriete-com\\\/\"}]}<\/script>\n<!-- \/ Yoast SEO plugin. -->","yoast_head_json":{"title":"Le guide essentiel pour choisir le matelas id\u00e9al de votre b\u00e9b\u00e9","description":"D\u00e9couvrez comment choisir le meilleur matelas pour b\u00e9b\u00e9 : conseils, s\u00e9curit\u00e9, confort et crit\u00e8res indispensables pour un sommeil serein.","robots":{"index":"index","follow":"follow","max-snippet":"max-snippet:-1","max-image-preview":"max-image-preview:large","max-video-preview":"max-video-preview:-1"},"canonical":"https:\/\/literie.boutique\/blog\/matelas-bebe-choisir\/","og_locale":"fr_FR","og_type":"article","og_title":"Le guide essentiel pour choisir le matelas id\u00e9al de votre b\u00e9b\u00e9","og_description":"D\u00e9couvrez comment choisir le meilleur matelas pour b\u00e9b\u00e9 : conseils, s\u00e9curit\u00e9, confort et crit\u00e8res indispensables pour un sommeil serein.","og_url":"https:\/\/literie.boutique\/blog\/matelas-bebe-choisir\/","og_site_name":"Blog literie","article_published_time":"2025-08-06T10:34:42+00:00","og_image":[{"width":1344,"height":768,"url":"https:\/\/literie.boutique\/blog\/wp-content\/uploads\/2025\/08\/Quel-matelas-choisir-pour-un-bebe-.jpg","type":"image\/jpeg"}],"author":"Quentin","twitter_card":"summary_large_image","twitter_misc":{"\u00c9crit par":"Quentin","Dur\u00e9e de lecture estim\u00e9e":"9 minutes"},"schema":{"@context":"https:\/\/schema.org","@graph":[{"@type":"Article","@id":"https:\/\/literie.boutique\/blog\/matelas-bebe-choisir\/#article","isPartOf":{"@id":"https:\/\/literie.boutique\/blog\/matelas-bebe-choisir\/"},"author":{"name":"Quentin","@id":"https:\/\/literie.boutique\/blog\/#\/schema\/person\/18b20b7440db8006a7400c973f23869a"},"headline":"Quel matelas choisir pour un b\u00e9b\u00e9\u00a0?","datePublished":"2025-08-06T10:34:42+00:00","mainEntityOfPage":{"@id":"https:\/\/literie.boutique\/blog\/matelas-bebe-choisir\/"},"wordCount":1854,"commentCount":0,"image":{"@id":"https:\/\/literie.boutique\/blog\/matelas-bebe-choisir\/#primaryimage"},"thumbnailUrl":"https:\/\/literie.boutique\/blog\/wp-content\/uploads\/2025\/08\/Quel-matelas-choisir-pour-un-bebe-.jpg","articleSection":["Guides d\u2019achat literie"],"inLanguage":"fr-FR","potentialAction":[{"@type":"CommentAction","name":"Comment","target":["https:\/\/literie.boutique\/blog\/matelas-bebe-choisir\/#respond"]}]},{"@type":"WebPage","@id":"https:\/\/literie.boutique\/blog\/matelas-bebe-choisir\/","url":"https:\/\/literie.boutique\/blog\/matelas-bebe-choisir\/","name":"Le guide essentiel pour choisir le matelas id\u00e9al de votre b\u00e9b\u00e9","isPartOf":{"@id":"https:\/\/literie.boutique\/blog\/#website"},"primaryImageOfPage":{"@id":"https:\/\/literie.boutique\/blog\/matelas-bebe-choisir\/#primaryimage"},"image":{"@id":"https:\/\/literie.boutique\/blog\/matelas-bebe-choisir\/#primaryimage"},"thumbnailUrl":"https:\/\/literie.boutique\/blog\/wp-content\/uploads\/2025\/08\/Quel-matelas-choisir-pour-un-bebe-.jpg","datePublished":"2025-08-06T10:34:42+00:00","author":{"@id":"https:\/\/literie.boutique\/blog\/#\/schema\/person\/18b20b7440db8006a7400c973f23869a"},"description":"D\u00e9couvrez comment choisir le meilleur matelas pour b\u00e9b\u00e9 : conseils, s\u00e9curit\u00e9, confort et crit\u00e8res indispensables pour un sommeil serein.","breadcrumb":{"@id":"https:\/\/literie.boutique\/blog\/matelas-bebe-choisir\/#breadcrumb"},"inLanguage":"fr-FR","potentialAction":[{"@type":"ReadAction","target":["https:\/\/literie.boutique\/blog\/matelas-bebe-choisir\/"]}]},{"@type":"ImageObject","inLanguage":"fr-FR","@id":"https:\/\/literie.boutique\/blog\/matelas-bebe-choisir\/#primaryimage","url":"https:\/\/literie.boutique\/blog\/wp-content\/uploads\/2025\/08\/Quel-matelas-choisir-pour-un-bebe-.jpg","contentUrl":"https:\/\/literie.boutique\/blog\/wp-content\/uploads\/2025\/08\/Quel-matelas-choisir-pour-un-bebe-.jpg","width":1344,"height":768,"caption":"d\u00e9couvrez comment choisir le matelas id\u00e9al pour le sommeil de votre b\u00e9b\u00e9. explorez les crit\u00e8res essentiels tels que la fermet\u00e9, les mat\u00e9riaux et la s\u00e9curit\u00e9, afin d'assurer un confort optimal et un d\u00e9veloppement sain \u00e0 votre enfant. ne laissez rien au hasard pour le bien-\u00eatre de votre petit!"},{"@type":"BreadcrumbList","@id":"https:\/\/literie.boutique\/blog\/matelas-bebe-choisir\/#breadcrumb","itemListElement":[{"@type":"ListItem","position":1,"name":"Accueil","item":"https:\/\/literie.boutique\/blog\/"},{"@type":"ListItem","position":2,"name":"Quel matelas choisir pour un b\u00e9b\u00e9\u00a0?"}]},{"@type":"WebSite","@id":"https:\/\/literie.boutique\/blog\/#website","url":"https:\/\/literie.boutique\/blog\/","name":"Blog literie","description":"","potentialAction":[{"@type":"SearchAction","target":{"@type":"EntryPoint","urlTemplate":"https:\/\/literie.boutique\/blog\/?s={search_term_string}"},"query-input":{"@type":"PropertyValueSpecification","valueRequired":true,"valueName":"search_term_string"}}],"inLanguage":"fr-FR"},{"@type":"Person","@id":"https:\/\/literie.boutique\/blog\/#\/schema\/person\/18b20b7440db8006a7400c973f23869a","name":"Quentin","image":{"@type":"ImageObject","inLanguage":"fr-FR","@id":"https:\/\/secure.gravatar.com\/avatar\/41fdb4b53b53b73264d00c34f36d500658ce5d38b749a6be639259016cc951ea?s=96&d=mm&r=g","url":"https:\/\/secure.gravatar.com\/avatar\/41fdb4b53b53b73264d00c34f36d500658ce5d38b749a6be639259016cc951ea?s=96&d=mm&r=g","contentUrl":"https:\/\/secure.gravatar.com\/avatar\/41fdb4b53b53b73264d00c34f36d500658ce5d38b749a6be639259016cc951ea?s=96&d=mm&r=g","caption":"Quentin"},"description":"Quentin a 15 ans d\u2019exp\u00e9rience dans le domaine de la literie et du sommeil. Passionn\u00e9 par le sujet, il s\u2019est form\u00e9 en continu sur les nouveaut\u00e9s (technologies de matelas, ergonomie, mat\u00e9riaux innovants) et a m\u00eame suivi des modules en ergonomie du sommeil.","sameAs":["https:\/\/literie.boutique\/blog"],"url":"https:\/\/literie.boutique\/blog\/author\/domaineswebnotoriete-com\/"}]}},"_links":{"self":[{"href":"https:\/\/literie.boutique\/blog\/wp-json\/wp\/v2\/posts\/268","targetHints":{"allow":["GET"]}}],"collection":[{"href":"https:\/\/literie.boutique\/blog\/wp-json\/wp\/v2\/posts"}],"about":[{"href":"https:\/\/literie.boutique\/blog\/wp-json\/wp\/v2\/types\/post"}],"author":[{"embeddable":true,"href":"https:\/\/literie.boutique\/blog\/wp-json\/wp\/v2\/users\/1"}],"replies":[{"embeddable":true,"href":"https:\/\/literie.boutique\/blog\/wp-json\/wp\/v2\/comments?post=268"}],"version-history":[{"count":0,"href":"https:\/\/literie.boutique\/blog\/wp-json\/wp\/v2\/posts\/268\/revisions"}],"wp:featuredmedia":[{"embeddable":true,"href":"https:\/\/literie.boutique\/blog\/wp-json\/wp\/v2\/media\/264"}],"wp:attachment":[{"href":"https:\/\/literie.boutique\/blog\/wp-json\/wp\/v2\/media?parent=268"}],"wp:term":[{"taxonomy":"category","embeddable":true,"href":"https:\/\/literie.boutique\/blog\/wp-json\/wp\/v2\/categories?post=268"},{"taxonomy":"post_tag","embeddable":true,"href":"https:\/\/literie.boutique\/blog\/wp-json\/wp\/v2\/tags?post=268"}],"curies":[{"name":"wp","href":"https:\/\/api.w.org\/{rel}","templated":true}]}}