{"id":241,"date":"2025-07-28T12:45:13","date_gmt":"2025-07-28T10:45:13","guid":{"rendered":"https:\/\/literie.boutique\/blog\/changer-matelas\/"},"modified":"2025-07-29T10:29:29","modified_gmt":"2025-07-29T08:29:29","slug":"changer-matelas","status":"publish","type":"post","link":"https:\/\/literie.boutique\/blog\/changer-matelas\/","title":{"rendered":"Quand faut-il changer de matelas\u00a0?"},"content":{"rendered":"<p>Vous r\u00e9veillez-vous avec des courbatures alors que vous vous couchiez en pleine forme ? Votre matelas grince-t-il \u00e0 chaque mouvement nocturne ? Ces signes ne trompent pas : il est peut-\u00eatre temps de dire adieu \u00e0 votre vieux compagnon de nuit. Changer de matelas n&rsquo;est pas qu&rsquo;une question de confort, c&rsquo;est un v\u00e9ritable investissement pour votre sant\u00e9. Entre les id\u00e9es re\u00e7ues sur la dur\u00e9e de vie id\u00e9ale et les signaux d&rsquo;alarme que notre corps nous envoie, naviguer dans l&rsquo;univers de la literie peut rapidement devenir un casse-t\u00eate. Pourtant, quelques indices simples permettent de d\u00e9terminer le moment opportun pour renouveler sa literie et retrouver des nuits paisibles.<\/p>\n\n<h2 class=\"wp-block-heading\">Comprendre la dur\u00e9e de vie r\u00e9elle selon le type de matelas<\/h2>\n\n<p>Contrairement aux id\u00e9es re\u00e7ues, tous les matelas ne vieillissent pas au m\u00eame rythme. La composition de votre literie d\u00e9termine largement sa long\u00e9vit\u00e9, et conna\u00eetre ces sp\u00e9cificit\u00e9s vous \u00e9vitera bien des surprises d\u00e9sagr\u00e9ables.<\/p>\n\n\n\n<h3 class=\"wp-block-heading\">Les matelas en mousse : entre \u00e9conomie et durabilit\u00e9 limit\u00e9e<\/h3>\n\n<p>Les matelas en mousse pr\u00e9sentent des dur\u00e9es de vie variables selon leur composition. <strong>La mousse poly\u00e9ther<\/strong>, souvent utilis\u00e9e dans les mod\u00e8les d&rsquo;entr\u00e9e de gamme comme certains produits IKEA, ne d\u00e9passe g\u00e9n\u00e9ralement pas 3 \u00e0 4 ans d&rsquo;utilisation intensive. Ces matelas s&rsquo;affaissent rapidement sous le poids du corps et perdent leur capacit\u00e9 de soutien.<\/p>\n\n<p>\u00c0 l&rsquo;inverse, <strong>la mousse \u00e0 m\u00e9moire de forme<\/strong>, popularis\u00e9e par des marques comme Tempur ou Emma, offre une r\u00e9sistance sup\u00e9rieure. Ces matelas peuvent conserver leurs propri\u00e9t\u00e9s pendant 7 \u00e0 8 ans, \u00e0 condition de maintenir une temp\u00e9rature ambiante stable autour de 18\u00b0C. Les mod\u00e8les Hypnia ou Mysleep exploitent cette technologie pour proposer des dur\u00e9es de vie respectables.<\/p>\n\n<figure class=\"wp-block-table\"><table>\n<thead>\n<tr>\n<th>Type de mousse<\/th>\n<th>Dur\u00e9e de vie moyenne<\/th>\n<th>Avantages principaux<\/th>\n<th>Inconv\u00e9nients<\/th>\n<\/tr>\n<\/thead>\n<tbody>\n<tr>\n<td>Mousse poly\u00e9ther<\/td>\n<td>3-4 ans<\/td>\n<td>Prix abordable<\/td>\n<td>Affaissement rapide<\/td>\n<\/tr>\n<tr>\n<td>Mousse HR<\/td>\n<td>5-6 ans<\/td>\n<td>Bon rapport qualit\u00e9-prix<\/td>\n<td>Sensible \u00e0 l&rsquo;humidit\u00e9<\/td>\n<\/tr>\n<tr>\n<td>M\u00e9moire de forme<\/td>\n<td>7-8 ans<\/td>\n<td>Adaptation morphologique<\/td>\n<td>Sensible \u00e0 la temp\u00e9rature<\/td>\n<\/tr>\n<\/tbody>\n<\/table><\/figure>\n\n<h3 class=\"wp-block-heading\">Latex naturel versus synth\u00e9tique : un \u00e9cart de long\u00e9vit\u00e9 surprenant<\/h3>\n\n<p>Le latex m\u00e9rite une attention particuli\u00e8re tant les diff\u00e9rences de durabilit\u00e9 sont marqu\u00e9es. <strong>Le latex naturel<\/strong>, utilis\u00e9 par des marques comme Matelas Kipli ou certains mod\u00e8les Treca, peut tenir jusqu&rsquo;\u00e0 15 ans gr\u00e2ce \u00e0 ses propri\u00e9t\u00e9s \u00e9lastiques exceptionnelles. Cette mati\u00e8re noble r\u00e9siste remarquablement bien aux d\u00e9formations et conserve son soutien originel.<\/p>\n\n<p>Le latex synth\u00e9tique, bien que moins on\u00e9reux, affiche une long\u00e9vit\u00e9 r\u00e9duite de moiti\u00e9, autour de 7 \u00e0 8 ans. Cependant, sa r\u00e9sistance reste sup\u00e9rieure \u00e0 la plupart des mousses conventionnelles, ce qui explique sa pr\u00e9sence dans de nombreuses gammes interm\u00e9diaires.<\/p>\n\n<ul class=\"wp-block-list\"><li>Excellente respirabilit\u00e9 naturelle<\/li><li>R\u00e9sistance aux acariens et bact\u00e9ries<\/li><li>\u00c9lasticit\u00e9 conserv\u00e9e dans le temps<\/li><li>Adaptation progressive \u00e0 la morphologie<\/li><li>Recyclabilit\u00e9 en fin de vie<\/li><\/ul>\n\n<h2 class=\"wp-block-heading\">D\u00e9crypter les signaux d&rsquo;alarme de votre literie<\/h2>\n\n<p>Votre corps constitue le meilleur barom\u00e8tre pour \u00e9valuer l&rsquo;\u00e9tat de votre matelas. Certains sympt\u00f4mes, souvent n\u00e9glig\u00e9s, r\u00e9v\u00e8lent pourtant une usure avanc\u00e9e qui impacte directement votre bien-\u00eatre quotidien.<\/p>\n\n<h3 class=\"wp-block-heading\">Douleurs matinales et inconfort nocturne<\/h3>\n\n<p>Les r\u00e9veils douloureux repr\u00e9sentent le premier indicateur d&rsquo;un matelas d\u00e9faillant. <strong>Des tensions dans le bas du dos, des raideurs cervicales ou des fourmillements dans les membres<\/strong> signalent g\u00e9n\u00e9ralement une perte de soutien. Un matelas us\u00e9 ne maintient plus l&rsquo;alignement naturel de votre colonne vert\u00e9brale, cr\u00e9ant des points de pression n\u00e9fastes.<\/p>\n\n<p>Cette probl\u00e9matique touche particuli\u00e8rement les dormeurs de plus de 90 kg, dont le poids acc\u00e9l\u00e8re l&rsquo;affaissement du matelas. Les mod\u00e8les Bultex ou Dodo, con\u00e7us pour r\u00e9sister aux morphologies importantes, montrent leurs limites apr\u00e8s quelques ann\u00e9es d&rsquo;utilisation intensive.<\/p>\n\n<p>L&rsquo;analyse de <a href=\"https:\/\/www.quechoisir.org\/conseils-matelas-n5789\/\">UFC-Que Choisir<\/a> r\u00e9v\u00e8le que nous conservons en moyenne nos matelas 13 ans, soit bien au-del\u00e0 de leur dur\u00e9e de vie optimale. Cette habitude explique en partie l&rsquo;augmentation des troubles du sommeil dans la population adulte.<\/p>\n\n<figure class=\"wp-block-table\"><table>\n<thead>\n<tr>\n<th>Zone du corps<\/th>\n<th>Sympt\u00f4mes courants<\/th>\n<th>Cause probable<\/th>\n<th>Urgence du changement<\/th>\n<\/tr>\n<\/thead>\n<tbody>\n<tr>\n<td>Bas du dos<\/td>\n<td>Douleurs lombaires<\/td>\n<td>Affaissement central<\/td>\n<td>\u00c9lev\u00e9e<\/td>\n<\/tr>\n<tr>\n<td>Nuque<\/td>\n<td>Raideurs cervicales<\/td>\n<td>Mauvais alignement<\/td>\n<td>Moyenne<\/td>\n<\/tr>\n<tr>\n<td>Hanches<\/td>\n<td>Points de pression<\/td>\n<td>Fermet\u00e9 inadapt\u00e9e<\/td>\n<td>Moyenne<\/td>\n<\/tr>\n<tr>\n<td>\u00c9paules<\/td>\n<td>Engourdissements<\/td>\n<td>Surface trop dure<\/td>\n<td>Faible<\/td>\n<\/tr>\n<\/tbody>\n<\/table><\/figure>\n\n<h3 class=\"wp-block-heading\">D\u00e9formations visibles et bruits suspects<\/h3>\n\n<p>L&rsquo;inspection visuelle de votre matelas r\u00e9v\u00e8le des indices pr\u00e9cieux sur son \u00e9tat. <strong>Les creux permanents, particuli\u00e8rement au niveau des hanches et des \u00e9paules<\/strong>, indiquent une usure irr\u00e9versible des mat\u00e9riaux internes. Cette \u00ab\u00a0empreinte corporelle\u00a0\u00bb persiste m\u00eame apr\u00e8s plusieurs heures sans occupation du lit.<\/p>\n\n<p>Les matelas \u00e0 ressorts, comme certains mod\u00e8les Tous mes r\u00eaves, trahissent leur fatigue par des grincements ou des craquements caract\u00e9ristiques. Ces bruits r\u00e9sultent de la d\u00e9formation des ressorts ou de la rupture des liens m\u00e9talliques internes. Une fois ces sympt\u00f4mes apparus, le remplacement devient in\u00e9vitable.<\/p>\n\n\n\n<ul class=\"wp-block-list\"><li>Affaissement sup\u00e9rieur \u00e0 3 centim\u00e8tres<\/li><li>Bosses ou irr\u00e9gularit\u00e9s de surface<\/li><li>Ressorts perceptibles au toucher<\/li><li>Bruits lors des changements de position<\/li><li>D\u00e9coloration ou taches persistantes<\/li><li>Odeurs d\u00e9sagr\u00e9ables persistantes<\/li><\/ul>\n\n<h2 class=\"wp-block-heading\">Allergies et probl\u00e8mes respiratoires : quand le matelas devient nocif<\/h2>\n\n<p>Un matelas vieillissant se transforme progressivement en nid \u00e0 allerg\u00e8nes. Cette accumulation invisible mais redoutable peut d\u00e9clencher ou aggraver des troubles respiratoires, particuli\u00e8rement chez les personnes sensibles.<\/p>\n\n<h3 class=\"wp-block-heading\">L&rsquo;invasion silencieuse des acariens<\/h3>\n\n<p>Apr\u00e8s plusieurs ann\u00e9es d&rsquo;utilisation, votre matelas h\u00e9berge des millions d&rsquo;acariens qui se nourrissent des cellules mortes de votre peau. <strong>Ces micro-organismes prosp\u00e8rent dans l&rsquo;humidit\u00e9<\/strong> g\u00e9n\u00e9r\u00e9e par la transpiration nocturne, cr\u00e9ant un environnement favorable \u00e0 leur multiplication exponentielle.<\/p>\n\n<p>Les sympt\u00f4mes allergiques s&rsquo;intensifient progressivement : \u00e9ternuements matinaux, yeux larmoyants, d\u00e9mangeaisons cutan\u00e9es ou difficult\u00e9s respiratoires. Ces manifestations, souvent attribu\u00e9es \u00e0 tort aux pollens ou \u00e0 la poussi\u00e8re ambiante, trouvent fr\u00e9quemment leur origine dans une literie satur\u00e9e d&rsquo;allerg\u00e8nes.<\/p>\n\n<p>Pour comprendre l&rsquo;ampleur du probl\u00e8me, <a href=\"https:\/\/literie.boutique\/blog\/literie-transpiration-nocturne\/\">les \u00e9tudes sur la transpiration nocturne<\/a> montrent qu&rsquo;un adulte peut \u00e9vacuer jusqu&rsquo;\u00e0 un litre d&rsquo;eau par nuit, cr\u00e9ant des conditions id\u00e9ales pour la prolif\u00e9ration microbienne.<\/p>\n\n<figure class=\"wp-block-table\"><table>\n<thead>\n<tr>\n<th>Sympt\u00f4me<\/th>\n<th>Fr\u00e9quence d&rsquo;apparition<\/th>\n<th>Intensit\u00e9 au r\u00e9veil<\/th>\n<th>Am\u00e9lioration en journ\u00e9e<\/th>\n<\/tr>\n<\/thead>\n<tbody>\n<tr>\n<td>\u00c9ternuements<\/td>\n<td>Quotidienne<\/td>\n<td>Forte<\/td>\n<td>Oui<\/td>\n<\/tr>\n<tr>\n<td>Congestion nasale<\/td>\n<td>Nocturne<\/td>\n<td>Mod\u00e9r\u00e9e<\/td>\n<td>Partielle<\/td>\n<\/tr>\n<tr>\n<td>D\u00e9mangeaisons<\/td>\n<td>Variable<\/td>\n<td>Forte<\/td>\n<td>Oui<\/td>\n<\/tr>\n<tr>\n<td>Toux s\u00e8che<\/td>\n<td>Matinale<\/td>\n<td>Mod\u00e9r\u00e9e<\/td>\n<td>Oui<\/td>\n<\/tr>\n<\/tbody>\n<\/table><\/figure>\n\n<h3 class=\"wp-block-heading\">Moisissures et bact\u00e9ries : des risques sous-estim\u00e9s<\/h3>\n\n<p>L&rsquo;humidit\u00e9 excessive favorise \u00e9galement le d\u00e9veloppement de moisissures invisibles \u00e0 l&rsquo;\u0153il nu mais d\u00e9tectables par leur odeur caract\u00e9ristique. Ces champignons microscopiques lib\u00e8rent des spores allerg\u00e8nes et potentiellement toxiques, particuli\u00e8rement dangereux pour les enfants et les personnes immunod\u00e9prim\u00e9es.<\/p>\n\n<p>Certaines marques comme Emma ou Hypnia ont d\u00e9velopp\u00e9 des traitements antibact\u00e9riens pour limiter ces probl\u00e8mes, mais l&rsquo;efficacit\u00e9 de ces protections diminue avec le temps. Apr\u00e8s 7 \u00e0 8 ans d&rsquo;utilisation, m\u00eame les matelas les mieux prot\u00e9g\u00e9s perdent leurs propri\u00e9t\u00e9s hygi\u00e9niques initiales.<\/p>\n\n<ul class=\"wp-block-list\"><li>Augmentation des crises d&rsquo;asthme nocturnes<\/li><li>Ecz\u00e9ma ou irritations cutan\u00e9es inexpliqu\u00e9es<\/li><li>Fatigue chronique malgr\u00e9 des nuits compl\u00e8tes<\/li><li>Maux de t\u00eate matinaux fr\u00e9quents<\/li><li>Aggravation des allergies saisonni\u00e8res<\/li><\/ul>\n\n<h2 class=\"wp-block-heading\">Optimiser la long\u00e9vit\u00e9 de votre investissement literie<\/h2>\n\n<p>Prolonger la dur\u00e9e de vie de votre matelas n\u00e9cessite des gestes simples mais r\u00e9guliers. Ces pratiques d&rsquo;entretien peuvent ajouter plusieurs ann\u00e9es \u00e0 votre literie tout en pr\u00e9servant ses qualit\u00e9s de confort et d&rsquo;hygi\u00e8ne.<\/p>\n\n<h3 class=\"wp-block-heading\">Rotation et retournement : les gestes salvateurs<\/h3>\n\n<p><strong>La rotation r\u00e9guli\u00e8re de votre matelas<\/strong> constitue la mesure pr\u00e9ventive la plus efficace contre l&rsquo;usure pr\u00e9matur\u00e9e. Effectuez cette op\u00e9ration tous les trois mois en alternant t\u00eate et pied, puis face \u00e9t\u00e9 et face hiver si votre mod\u00e8le le permet. Cette simple habitude r\u00e9partit uniform\u00e9ment les contraintes m\u00e9caniques et \u00e9vite la formation de creux permanents.<\/p>\n\n<p>Les mod\u00e8les r\u00e9versibles de marques comme Treca ou Matelas Kipli b\u00e9n\u00e9ficient particuli\u00e8rement de cette pratique. En revanche, certains matelas \u00e0 m\u00e9moire de forme, notamment chez Tempur, ne supportent qu&rsquo;une rotation sans retournement en raison de leur structure asym\u00e9trique.<\/p>\n\n<p>L&rsquo;utilisation d&rsquo;un prot\u00e8ge-matelas imperm\u00e9able mais respirant repr\u00e9sente un investissement minimal aux b\u00e9n\u00e9fices consid\u00e9rables. Cette barri\u00e8re prot\u00e8ge efficacement contre les liquides, la transpiration et les acariens tout en pr\u00e9servant la circulation de l&rsquo;air.<\/p>\n\n<figure class=\"wp-block-table\"><table>\n<thead>\n<tr>\n<th>Fr\u00e9quence<\/th>\n<th>Action recommand\u00e9e<\/th>\n<th>B\u00e9n\u00e9fice principal<\/th>\n<th>Difficult\u00e9<\/th>\n<\/tr>\n<\/thead>\n<tbody>\n<tr>\n<td>Mensuelle<\/td>\n<td>Aspiration surface<\/td>\n<td>\u00c9limination allerg\u00e8nes<\/td>\n<td>Faible<\/td>\n<\/tr>\n<tr>\n<td>Trimestrielle<\/td>\n<td>Rotation t\u00eate-pied<\/td>\n<td>Usure uniforme<\/td>\n<td>Moyenne<\/td>\n<\/tr>\n<tr>\n<td>Semestrielle<\/td>\n<td>Retournement faces<\/td>\n<td>Dur\u00e9e de vie doubl\u00e9e<\/td>\n<td>\u00c9lev\u00e9e<\/td>\n<\/tr>\n<tr>\n<td>Annuelle<\/td>\n<td>Nettoyage profond<\/td>\n<td>Hygi\u00e8ne optimale<\/td>\n<td>Moyenne<\/td>\n<\/tr>\n<\/tbody>\n<\/table><\/figure>\n\n<h3 class=\"wp-block-heading\">Environnement et ventilation : cr\u00e9er les conditions id\u00e9ales<\/h3>\n\n<p>La qualit\u00e9 de l&rsquo;air ambiant influence directement la long\u00e9vit\u00e9 de votre matelas. Une chambre correctement ventil\u00e9e \u00e9vacue l&rsquo;humidit\u00e9 excessive et limite la prolif\u00e9ration d&rsquo;organismes nuisibles. Maintenez une temp\u00e9rature stable entre 16 et 19\u00b0C avec un taux d&rsquo;humidit\u00e9 inf\u00e9rieur \u00e0 60%.<\/p>\n\n<p>L&rsquo;association d&rsquo;un sommier \u00e0 lattes avec un matelas de qualit\u00e9, comme les mod\u00e8les Bultex sur bases Tous mes r\u00eaves, optimise la circulation de l&rsquo;air et pr\u00e9vient la stagnation d&rsquo;humidit\u00e9. Cette synergie peut prolonger la dur\u00e9e de vie de l&rsquo;ensemble de 2 \u00e0 3 ans par rapport \u00e0 un placement au sol.<\/p>\n\n\n\n<ul class=\"wp-block-list\"><li>A\u00e9ration quotidienne de la chambre (15 minutes minimum)<\/li><li>\u00c9viter la proximit\u00e9 directe avec radiateurs<\/li><li>Utiliser un d\u00e9shumidificateur si n\u00e9cessaire<\/li><li>Laisser le matelas respirer sans draps occasionnellement<\/li><li>Maintenir un espace de circulation sous le sommier<\/li><li>Contr\u00f4ler r\u00e9guli\u00e8rement l&rsquo;\u00e9tat du sommier<\/li><\/ul>\n\n<h2 class=\"wp-block-heading\">Identifier le moment opportun pour investir dans une nouvelle literie<\/h2>\n\n<p>Au-del\u00e0 des signes d&rsquo;usure \u00e9vidents, certaines circonstances de la vie n\u00e9cessitent un renouvellement anticip\u00e9 de votre literie. Savoir reconna\u00eetre ces moments charni\u00e8res vous \u00e9vitera des mois d&rsquo;inconfort inutile.<\/p>\n\n<h3 class=\"wp-block-heading\">Changements morphologiques et \u00e9volution des besoins<\/h3>\n\n<p><strong>Les variations de poids significatives<\/strong> modifient radicalement vos besoins en mati\u00e8re de soutien. Une prise ou une perte de plus de 10 kg peut rendre votre matelas actuel inadapt\u00e9, m\u00eame s&rsquo;il reste en bon \u00e9tat apparent. Un matelas choisi pour une morphologie de 70 kg se r\u00e9v\u00e9lera insuffisant pour une personne de 85 kg, et inversement.<\/p>\n\n<p>La grossesse repr\u00e9sente une p\u00e9riode particuli\u00e8rement d\u00e9licate o\u00f9 le confort nocturne devient primordial. Les mod\u00e8les Emma ou Hypnia, avec leur capacit\u00e9 d&rsquo;adaptation progressive, accompagnent mieux ces transformations corporelles que les matelas \u00e0 ressorts traditionnels. <a href=\"https:\/\/www.marieclaire.fr\/maison\/quand-faut-il-changer-de-matelas,1468809.asp\">Les conseils de Marie Claire<\/a> soulignent l&rsquo;importance d&rsquo;anticiper ces besoins \u00e9volutifs.<\/p>\n\n<p>L&rsquo;\u00e2ge influence \u00e9galement les exigences de confort. Apr\u00e8s 50 ans, les articulations n\u00e9cessitent un soutien plus pr\u00e9cis et une pression r\u00e9duite. Les matelas fermes appr\u00e9ci\u00e9s dans la jeunesse peuvent devenir source d&rsquo;inconfort avec l&rsquo;\u00e2ge, justifiant un passage vers des technologies plus enveloppantes.<\/p>\n\n<figure class=\"wp-block-table\"><table>\n<thead>\n<tr>\n<th>Situation<\/th>\n<th>Impact sur le choix<\/th>\n<th>Urgence du changement<\/th>\n<th>Crit\u00e8res prioritaires<\/th>\n<\/tr>\n<\/thead>\n<tbody>\n<tr>\n<td>Prise de poids (+15kg)<\/td>\n<td>Soutien insuffisant<\/td>\n<td>\u00c9lev\u00e9e<\/td>\n<td>Fermet\u00e9, durabilit\u00e9<\/td>\n<\/tr>\n<tr>\n<td>Perte de poids (-15kg)<\/td>\n<td>Matelas trop ferme<\/td>\n<td>Mod\u00e9r\u00e9e<\/td>\n<td>Souplesse, adaptabilit\u00e9<\/td>\n<\/tr>\n<tr>\n<td>Grossesse<\/td>\n<td>Confort \u00e9volutif<\/td>\n<td>\u00c9lev\u00e9e<\/td>\n<td>Soutien progressif<\/td>\n<\/tr>\n<tr>\n<td>Vieillissement (+60 ans)<\/td>\n<td>Articulations sensibles<\/td>\n<td>Mod\u00e9r\u00e9e<\/td>\n<td>Moelleux, ergonomie<\/td>\n<\/tr>\n<\/tbody>\n<\/table><\/figure>\n\n<h3 class=\"wp-block-heading\">Transitions de vie et nouveaux d\u00e9fis du sommeil<\/h3>\n\n<p>Le passage d&rsquo;un sommeil solitaire \u00e0 une literie partag\u00e9e bouleverse compl\u00e8tement les crit\u00e8res de choix. L&rsquo;ind\u00e9pendance de couchage devient primordiale pour \u00e9viter les r\u00e9veils mutuels lors des changements de position. Les matelas \u00e0 ressorts ensach\u00e9s de Treca ou les mod\u00e8les en mousse \u00e0 m\u00e9moire de forme d&rsquo;Emma excellent dans ce domaine.<\/p>\n\n<p>Un d\u00e9m\u00e9nagement offre l&rsquo;opportunit\u00e9 id\u00e9ale pour r\u00e9\u00e9valuer votre literie, surtout si elle approche de sa fin de vie th\u00e9orique. Les contraintes de transport et les frais de d\u00e9m\u00e9nagement peuvent justifier \u00e9conomiquement l&rsquo;achat d&rsquo;un matelas neuf plut\u00f4t que le transfert de l&rsquo;ancien.<\/p>\n\n<p>L&rsquo;apparition de troubles du sommeil chroniques, m\u00eame en l&rsquo;absence de signes d&rsquo;usure visibles, m\u00e9rite une remise en question de votre literie. Parfois, un matelas techniquement fonctionnel ne correspond plus \u00e0 vos besoins physiologiques ou psychologiques actuels.<\/p>\n\n<p>Les <a href=\"https:\/\/literie.boutique\/blog\/marques-matelas-a-eviter\/\">recommandations sur les marques \u00e0 \u00e9viter<\/a> peuvent vous guider dans votre nouvelle s\u00e9lection, en \u00e9vitant les \u00e9cueils commerciaux courants.<\/p>\n\n<ul class=\"wp-block-list\"><li>Cohabitation n\u00e9cessitant une taille sup\u00e9rieure<\/li><li>Changement de rythme de travail (\u00e9quipes, nuit)<\/li><li>D\u00e9veloppement d&rsquo;allergies ou d&rsquo;asthme<\/li><li>Probl\u00e8mes articulaires ou dorsaux r\u00e9cents<\/li><li>Insomnie chronique inexpliqu\u00e9e<\/li><li>Stress ou anxi\u00e9t\u00e9 impactant le sommeil<\/li><\/ul>\n\n<h2 class=\"wp-block-heading\">Nouveaut\u00e9s technologiques et innovations 2025 en literie<\/h2>\n\n<p>L&rsquo;industrie de la literie conna\u00eet une r\u00e9volution technologique sans pr\u00e9c\u00e9dent. Les innovations de 2025 transforment radicalement l&rsquo;approche traditionnelle du sommeil, offrant des solutions personnalis\u00e9es et intelligentes aux dormeurs exigeants.<\/p>\n\n<h3 class=\"wp-block-heading\">Matelas connect\u00e9s et sommeil intelligent<\/h3>\n\n<p><strong>Les matelas connect\u00e9s<\/strong> analysent d\u00e9sormais en temps r\u00e9el la qualit\u00e9 de votre sommeil gr\u00e2ce \u00e0 des capteurs int\u00e9gr\u00e9s. Ces dispositifs mesurent la fr\u00e9quence cardiaque, les mouvements nocturnes, la temp\u00e9rature corporelle et ajustent automatiquement la fermet\u00e9 selon vos phases de sommeil. Des marques comme Mysleep int\u00e8grent ces technologies dans leurs gammes premium.<\/p>\n\n<p>L&rsquo;intelligence artificielle apprend vos habitudes de sommeil pour optimiser progressivement votre confort. Ces syst\u00e8mes peuvent m\u00eame anticiper vos besoins en ajustant la temp\u00e9rature du matelas avant votre coucher habituel. Cette personnalisation pousse l&rsquo;industrie vers des dur\u00e9es de vie prolong\u00e9es, les matelas s&rsquo;adaptant \u00e0 l&rsquo;\u00e9volution de vos besoins plut\u00f4t que de devenir obsol\u00e8tes.<\/p>\n\n<p>La r\u00e9gulation thermique active repr\u00e9sente une avanc\u00e9e majeure pour les personnes souffrant de transpiration nocturne. <a href=\"https:\/\/sleeps.fr\/guides-dachat\/quand-changer-de-matelas\/\">Les guides sp\u00e9cialis\u00e9s<\/a> recommandent d\u00e9sormais ces technologies pour les dormeurs sensibles aux variations de temp\u00e9rature.<\/p>\n\n<figure class=\"wp-block-table\"><table>\n<thead>\n<tr>\n<th>Innovation<\/th>\n<th>Marques pionni\u00e8res<\/th>\n<th>B\u00e9n\u00e9fice principal<\/th>\n<th>Disponibilit\u00e9<\/th>\n<\/tr>\n<\/thead>\n<tbody>\n<tr>\n<td>Capteurs de sommeil<\/td>\n<td>Mysleep, Emma<\/td>\n<td>Analyse personnalis\u00e9e<\/td>\n<td>2025<\/td>\n<\/tr>\n<tr>\n<td>R\u00e9gulation thermique<\/td>\n<td>Tempur, Hypnia<\/td>\n<td>Confort optimal<\/td>\n<td>Disponible<\/td>\n<\/tr>\n<tr>\n<td>Fermet\u00e9 variable<\/td>\n<td>Tous mes r\u00eaves<\/td>\n<td>Adaptation morphologique<\/td>\n<td>Test phase<\/td>\n<\/tr>\n<tr>\n<td>Mat\u00e9riaux auto-r\u00e9parants<\/td>\n<td>Recherche<\/td>\n<td>Dur\u00e9e de vie doubl\u00e9e<\/td>\n<td>2026-2027<\/td>\n<\/tr>\n<\/tbody>\n<\/table><\/figure>\n\n<h3 class=\"wp-block-heading\">Mat\u00e9riaux r\u00e9volutionnaires et d\u00e9veloppement durable<\/h3>\n\n<p>Les mat\u00e9riaux biosourc\u00e9s gagnent du terrain face aux composants synth\u00e9tiques traditionnels. Les mousses \u00e0 base d&rsquo;huiles v\u00e9g\u00e9tales ou les fibres de bambou remplacent progressivement les d\u00e9riv\u00e9s p\u00e9trochimiques, offrant des propri\u00e9t\u00e9s comparables avec un impact environnemental r\u00e9duit. IKEA investit massivement dans ces alternatives durables pour ses gammes futures.<\/p>\n\n<p>Les matelas modulaires r\u00e9volutionnent \u00e9galement l&rsquo;approche de la dur\u00e9e de vie. Plut\u00f4t que de remplacer l&rsquo;ensemble, ces syst\u00e8mes permettent de changer uniquement les couches us\u00e9es ou d&rsquo;adapter la fermet\u00e9 selon l&rsquo;\u00e9volution des besoins. Cette approche prolonge significativement la dur\u00e9e d&rsquo;utilisation tout en r\u00e9duisant les d\u00e9chets.<\/p>\n\n<p>La technologie des mat\u00e9riaux \u00e0 m\u00e9moire de forme \u00e9volue vers des versions plus respirantes et r\u00e9actives. Les nouvelles formulations d&rsquo;Hypnia ou de Dodo r\u00e9duisent l&rsquo;effet \u00ab\u00a0d&rsquo;enlisement\u00a0\u00bb tout en conservant les b\u00e9n\u00e9fices d&rsquo;adaptation morphologique. Ces am\u00e9liorations r\u00e9pondent aux critiques traditionnelles de cette technologie.<\/p>\n\n<ul class=\"wp-block-list\"><li>Mousses \u00e0 base de soja ou ricin<\/li><li>Fibres de bambou antibact\u00e9riennes naturelles<\/li><li>Latex certifi\u00e9 commerce \u00e9quitable<\/li><li>Housses recyclables et r\u00e9parables<\/li><li>Emballages z\u00e9ro d\u00e9chet pour la livraison<\/li><li>Programmes de reprise et reconditionnement<\/li><\/ul>\n\n<h2 class=\"wp-block-heading\">Aspects \u00e9conomiques et l\u00e9gislatifs du remplacement de literie<\/h2>\n\n<p>Le renouvellement d&rsquo;un matelas repr\u00e9sente un investissement cons\u00e9quent qui m\u00e9rite une approche r\u00e9fl\u00e9chie. Entre les obligations l\u00e9gales des fabricants et les strat\u00e9gies d&rsquo;achat optimis\u00e9es, plusieurs leviers peuvent r\u00e9duire significativement le co\u00fbt de cette acquisition.<\/p>\n\n<h3 class=\"wp-block-heading\">Programmes de reprise et \u00e9conomie circulaire<\/h3>\n\n<p><strong>Depuis janvier 2022, la loi Anti-Gaspillage pour une \u00c9conomie Circulaire (AGEC)<\/strong> oblige tous les distributeurs de literie \u00e0 reprendre gratuitement votre ancien matelas lors de l&rsquo;achat d&rsquo;un nouveau mod\u00e8le. Cette mesure r\u00e9volutionnaire facilite le renouvellement tout en garantissant le recyclage des mat\u00e9riaux usag\u00e9s.<\/p>\n\n<p>Les conditions d&rsquo;application restent n\u00e9anmoins sp\u00e9cifiques : le matelas repris doit pr\u00e9senter des dimensions identiques ou inf\u00e9rieures au nouveau mod\u00e8le achet\u00e9. Cette r\u00e8gle du \u00ab\u00a0un pour un\u00a0\u00bb emp\u00eache les d\u00e9rives tout en encourageant le recyclage responsable. Des enseignes comme Tous mes r\u00eaves ou les magasins partenaires de <a href=\"https:\/\/www.maisondelaliterie.fr\/blog\/quand-faut-il-changer-de-matelas-n79\">Maison de la Literie<\/a> appliquent scrupuleusement ces dispositions.<\/p>\n\n<p>Le processus de valorisation des matelas usag\u00e9s g\u00e9n\u00e8re de nouvelles opportunit\u00e9s \u00e9conomiques. Les ressorts m\u00e9talliques sont fondus et r\u00e9utilis\u00e9s, les mousses transform\u00e9es en isolants ou rembourrage, et les tissus recycl\u00e9s en fibres textiles. Cette cha\u00eene vertueuse r\u00e9duit l&rsquo;impact environnemental tout en cr\u00e9ant de la valeur ajout\u00e9e.<\/p>\n\n<figure class=\"wp-block-table\"><table>\n<thead>\n<tr>\n<th>Composant<\/th>\n<th>Taux de recyclage<\/th>\n<th>Nouvelle utilisation<\/th>\n<th>Valeur \u00e9conomique<\/th>\n<\/tr>\n<\/thead>\n<tbody>\n<tr>\n<td>Ressorts m\u00e9talliques<\/td>\n<td>95%<\/td>\n<td>Sid\u00e9rurgie<\/td>\n<td>\u00c9lev\u00e9e<\/td>\n<\/tr>\n<tr>\n<td>Mousse polyur\u00e9thane<\/td>\n<td>70%<\/td>\n<td>Isolation thermique<\/td>\n<td>Moyenne<\/td>\n<\/tr>\n<tr>\n<td>Fibres textiles<\/td>\n<td>60%<\/td>\n<td>Rembourrage<\/td>\n<td>Faible<\/td>\n<\/tr>\n<tr>\n<td>Latex naturel<\/td>\n<td>80%<\/td>\n<td>Compostage industriel<\/td>\n<td>Moyenne<\/td>\n<\/tr>\n<\/tbody>\n<\/table><\/figure>\n\n<h3 class=\"wp-block-heading\">Strat\u00e9gies d&rsquo;achat et p\u00e9riodes optimales<\/h3>\n\n<p>L&rsquo;industrie de la literie suit des cycles saisonniers marqu\u00e9s qui influencent significativement les prix. Les p\u00e9riodes de soldes (janvier et juin) offrent traditionnellement les meilleures opportunit\u00e9s, avec des r\u00e9ductions pouvant atteindre 40% sur les mod\u00e8les de fin de s\u00e9rie. Les marques comme Emma ou Bultex programment leurs nouveaut\u00e9s au printemps, d\u00e9stockant les g\u00e9n\u00e9rations pr\u00e9c\u00e9dentes.<\/p>\n\n<p>Les achats group\u00e9s ou familiaux permettent \u00e9galement de n\u00e9gocier des conditions avantageuses. Certains distributeurs proposent des remises d\u00e9gressives pour l&rsquo;achat simultan\u00e9 de plusieurs matelas ou l&rsquo;association matelas-sommier. Cette approche convient particuli\u00e8rement aux familles renouvelant l&rsquo;ensemble de leur literie.<\/p>\n\n<p>La vente en ligne a boulevers\u00e9 les codes traditionnels avec des marques exclusivement digitales proposant des rapports qualit\u00e9-prix disruptifs. Hypnia, Emma ou Mysleep contournent les co\u00fbts de distribution physique pour offrir des produits premium \u00e0 des tarifs attractifs. Ces acteurs proposent g\u00e9n\u00e9ralement des p\u00e9riodes d&rsquo;essai \u00e9tendues (100 nuits) qui s\u00e9curisent l&rsquo;achat.<\/p>\n\n<p>Les analyses comparatives de <a href=\"https:\/\/conseils-maisons.fr\/literie\/guide-achat-matelas\/quand-changer\/\">sp\u00e9cialistes ind\u00e9pendants<\/a> permettent d&rsquo;identifier les v\u00e9ritables bonnes affaires parmi la profusion d&rsquo;offres promotionnelles souvent trompeuses.<\/p>\n\n<ul class=\"wp-block-list\"><li>Janvier : liquidation des stocks de fin d&rsquo;ann\u00e9e<\/li><li>Mars-avril : arriv\u00e9e des nouveaut\u00e9s, d\u00e9stockage ancien<\/li><li>Juin-juillet : soldes d&rsquo;\u00e9t\u00e9, pr\u00e9paration rentr\u00e9e<\/li><li>Septembre : promotions de rentr\u00e9e cibl\u00e9es<\/li><li>Novembre : Black Friday et pr\u00e9paratifs de No\u00ebl<\/li><li>D\u00e9cembre : derni\u00e8res opportunit\u00e9s avant renouvellement gammes<\/li><\/ul>\n\n<p>Remplacer un matelas ne se r\u00e9sume pas \u00e0 attendre qu&rsquo;il s&rsquo;effondre compl\u00e8tement. Votre corps vous envoie des signaux pr\u00e9cieux bien avant que l&rsquo;usure ne devienne visible : \u00e9coutez ces messages plut\u00f4t que de vous fier uniquement aux ann\u00e9es d&rsquo;utilisation. Les technologies modernes offrent d\u00e9sormais des solutions adapt\u00e9es \u00e0 chaque profil de dormeur, depuis les matelas connect\u00e9s jusqu&rsquo;aux mat\u00e9riaux biosourc\u00e9s r\u00e9volutionnaires. N&rsquo;h\u00e9sitez pas \u00e0 explorer la s\u00e9lection de professionnels r\u00e9f\u00e9renc\u00e9s sur literie.boutique pour d\u00e9couvrir ces innovations et b\u00e9n\u00e9ficier de conseils personnalis\u00e9s. Apr\u00e8s tout, investir dans un sommeil de qualit\u00e9, c&rsquo;est investir dans votre sant\u00e9 quotidienne et votre bien-\u00eatre \u00e0 long terme.<\/p>\n\n","protected":false},"excerpt":{"rendered":"<p>Vous r\u00e9veillez-vous avec des courbatures alors que vous vous couchiez en pleine forme ? Votre matelas grince-t-il \u00e0 chaque mouvement nocturne ? Ces signes ne trompent pas : il est peut-\u00eatre temps de dire adieu \u00e0 votre vieux compagnon de nuit. Changer de matelas n&rsquo;est pas qu&rsquo;une question de confort, c&rsquo;est un v\u00e9ritable investissement pour [&hellip;]<\/p>\n","protected":false},"author":1,"featured_media":0,"comment_status":"open","ping_status":"open","sticky":false,"template":"","format":"standard","meta":{"_eb_attr":"","footnotes":""},"categories":[1],"tags":[],"class_list":["post-241","post","type-post","status-publish","format-standard","hentry","category-non-classe"],"yoast_head":"<!-- This site is optimized with the Yoast SEO plugin v27.4 - https:\/\/yoast.com\/product\/yoast-seo-wordpress\/ -->\n<title>Quand remplacer son matelas pour un sommeil de qualit\u00e9 ?<\/title>\n<meta name=\"description\" content=\"D\u00e9couvrez quand il est temps de changer de matelas pour am\u00e9liorer votre sommeil et bien-\u00eatre. Conseils et signes \u00e0 surveiller.\" \/>\n<meta name=\"robots\" content=\"index, follow, max-snippet:-1, max-image-preview:large, max-video-preview:-1\" \/>\n<link rel=\"canonical\" href=\"https:\/\/literie.boutique\/blog\/changer-matelas\/\" \/>\n<meta property=\"og:locale\" content=\"fr_FR\" \/>\n<meta property=\"og:type\" content=\"article\" \/>\n<meta property=\"og:title\" content=\"Quand remplacer son matelas pour un sommeil de qualit\u00e9 ?\" \/>\n<meta property=\"og:description\" content=\"D\u00e9couvrez quand il est temps de changer de matelas pour am\u00e9liorer votre sommeil et bien-\u00eatre. Conseils et signes \u00e0 surveiller.\" \/>\n<meta property=\"og:url\" content=\"https:\/\/literie.boutique\/blog\/changer-matelas\/\" \/>\n<meta property=\"og:site_name\" content=\"Blog literie\" \/>\n<meta property=\"article:published_time\" content=\"2025-07-28T10:45:13+00:00\" \/>\n<meta property=\"article:modified_time\" content=\"2025-07-29T08:29:29+00:00\" \/>\n<meta name=\"author\" content=\"Quentin\" \/>\n<meta name=\"twitter:card\" content=\"summary_large_image\" \/>\n<meta name=\"twitter:label1\" content=\"\u00c9crit par\" \/>\n\t<meta name=\"twitter:data1\" content=\"Quentin\" \/>\n\t<meta name=\"twitter:label2\" content=\"Dur\u00e9e de lecture estim\u00e9e\" \/>\n\t<meta name=\"twitter:data2\" content=\"15 minutes\" \/>\n<script type=\"application\/ld+json\" class=\"yoast-schema-graph\">{\"@context\":\"https:\\\/\\\/schema.org\",\"@graph\":[{\"@type\":\"Article\",\"@id\":\"https:\\\/\\\/literie.boutique\\\/blog\\\/changer-matelas\\\/#article\",\"isPartOf\":{\"@id\":\"https:\\\/\\\/literie.boutique\\\/blog\\\/changer-matelas\\\/\"},\"author\":{\"name\":\"Quentin\",\"@id\":\"https:\\\/\\\/literie.boutique\\\/blog\\\/#\\\/schema\\\/person\\\/18b20b7440db8006a7400c973f23869a\"},\"headline\":\"Quand faut-il changer de matelas\u00a0?\",\"datePublished\":\"2025-07-28T10:45:13+00:00\",\"dateModified\":\"2025-07-29T08:29:29+00:00\",\"mainEntityOfPage\":{\"@id\":\"https:\\\/\\\/literie.boutique\\\/blog\\\/changer-matelas\\\/\"},\"wordCount\":3208,\"commentCount\":0,\"inLanguage\":\"fr-FR\",\"potentialAction\":[{\"@type\":\"CommentAction\",\"name\":\"Comment\",\"target\":[\"https:\\\/\\\/literie.boutique\\\/blog\\\/changer-matelas\\\/#respond\"]}]},{\"@type\":\"WebPage\",\"@id\":\"https:\\\/\\\/literie.boutique\\\/blog\\\/changer-matelas\\\/\",\"url\":\"https:\\\/\\\/literie.boutique\\\/blog\\\/changer-matelas\\\/\",\"name\":\"Quand remplacer son matelas pour un sommeil de qualit\u00e9 ?\",\"isPartOf\":{\"@id\":\"https:\\\/\\\/literie.boutique\\\/blog\\\/#website\"},\"datePublished\":\"2025-07-28T10:45:13+00:00\",\"dateModified\":\"2025-07-29T08:29:29+00:00\",\"author\":{\"@id\":\"https:\\\/\\\/literie.boutique\\\/blog\\\/#\\\/schema\\\/person\\\/18b20b7440db8006a7400c973f23869a\"},\"description\":\"D\u00e9couvrez quand il est temps de changer de matelas pour am\u00e9liorer votre sommeil et bien-\u00eatre. Conseils et signes \u00e0 surveiller.\",\"breadcrumb\":{\"@id\":\"https:\\\/\\\/literie.boutique\\\/blog\\\/changer-matelas\\\/#breadcrumb\"},\"inLanguage\":\"fr-FR\",\"potentialAction\":[{\"@type\":\"ReadAction\",\"target\":[\"https:\\\/\\\/literie.boutique\\\/blog\\\/changer-matelas\\\/\"]}]},{\"@type\":\"BreadcrumbList\",\"@id\":\"https:\\\/\\\/literie.boutique\\\/blog\\\/changer-matelas\\\/#breadcrumb\",\"itemListElement\":[{\"@type\":\"ListItem\",\"position\":1,\"name\":\"Accueil\",\"item\":\"https:\\\/\\\/literie.boutique\\\/blog\\\/\"},{\"@type\":\"ListItem\",\"position\":2,\"name\":\"Quand faut-il changer de matelas\u00a0?\"}]},{\"@type\":\"WebSite\",\"@id\":\"https:\\\/\\\/literie.boutique\\\/blog\\\/#website\",\"url\":\"https:\\\/\\\/literie.boutique\\\/blog\\\/\",\"name\":\"Blog literie\",\"description\":\"\",\"potentialAction\":[{\"@type\":\"SearchAction\",\"target\":{\"@type\":\"EntryPoint\",\"urlTemplate\":\"https:\\\/\\\/literie.boutique\\\/blog\\\/?s={search_term_string}\"},\"query-input\":{\"@type\":\"PropertyValueSpecification\",\"valueRequired\":true,\"valueName\":\"search_term_string\"}}],\"inLanguage\":\"fr-FR\"},{\"@type\":\"Person\",\"@id\":\"https:\\\/\\\/literie.boutique\\\/blog\\\/#\\\/schema\\\/person\\\/18b20b7440db8006a7400c973f23869a\",\"name\":\"Quentin\",\"image\":{\"@type\":\"ImageObject\",\"inLanguage\":\"fr-FR\",\"@id\":\"https:\\\/\\\/secure.gravatar.com\\\/avatar\\\/41fdb4b53b53b73264d00c34f36d500658ce5d38b749a6be639259016cc951ea?s=96&d=mm&r=g\",\"url\":\"https:\\\/\\\/secure.gravatar.com\\\/avatar\\\/41fdb4b53b53b73264d00c34f36d500658ce5d38b749a6be639259016cc951ea?s=96&d=mm&r=g\",\"contentUrl\":\"https:\\\/\\\/secure.gravatar.com\\\/avatar\\\/41fdb4b53b53b73264d00c34f36d500658ce5d38b749a6be639259016cc951ea?s=96&d=mm&r=g\",\"caption\":\"Quentin\"},\"description\":\"Quentin a 15 ans d\u2019exp\u00e9rience dans le domaine de la literie et du sommeil. Passionn\u00e9 par le sujet, il s\u2019est form\u00e9 en continu sur les nouveaut\u00e9s (technologies de matelas, ergonomie, mat\u00e9riaux innovants) et a m\u00eame suivi des modules en ergonomie du sommeil.\",\"sameAs\":[\"https:\\\/\\\/literie.boutique\\\/blog\"],\"url\":\"https:\\\/\\\/literie.boutique\\\/blog\\\/author\\\/domaineswebnotoriete-com\\\/\"}]}<\/script>\n<!-- \/ Yoast SEO plugin. -->","yoast_head_json":{"title":"Quand remplacer son matelas pour un sommeil de qualit\u00e9 ?","description":"D\u00e9couvrez quand il est temps de changer de matelas pour am\u00e9liorer votre sommeil et bien-\u00eatre. Conseils et signes \u00e0 surveiller.","robots":{"index":"index","follow":"follow","max-snippet":"max-snippet:-1","max-image-preview":"max-image-preview:large","max-video-preview":"max-video-preview:-1"},"canonical":"https:\/\/literie.boutique\/blog\/changer-matelas\/","og_locale":"fr_FR","og_type":"article","og_title":"Quand remplacer son matelas pour un sommeil de qualit\u00e9 ?","og_description":"D\u00e9couvrez quand il est temps de changer de matelas pour am\u00e9liorer votre sommeil et bien-\u00eatre. Conseils et signes \u00e0 surveiller.","og_url":"https:\/\/literie.boutique\/blog\/changer-matelas\/","og_site_name":"Blog literie","article_published_time":"2025-07-28T10:45:13+00:00","article_modified_time":"2025-07-29T08:29:29+00:00","author":"Quentin","twitter_card":"summary_large_image","twitter_misc":{"\u00c9crit par":"Quentin","Dur\u00e9e de lecture estim\u00e9e":"15 minutes"},"schema":{"@context":"https:\/\/schema.org","@graph":[{"@type":"Article","@id":"https:\/\/literie.boutique\/blog\/changer-matelas\/#article","isPartOf":{"@id":"https:\/\/literie.boutique\/blog\/changer-matelas\/"},"author":{"name":"Quentin","@id":"https:\/\/literie.boutique\/blog\/#\/schema\/person\/18b20b7440db8006a7400c973f23869a"},"headline":"Quand faut-il changer de matelas\u00a0?","datePublished":"2025-07-28T10:45:13+00:00","dateModified":"2025-07-29T08:29:29+00:00","mainEntityOfPage":{"@id":"https:\/\/literie.boutique\/blog\/changer-matelas\/"},"wordCount":3208,"commentCount":0,"inLanguage":"fr-FR","potentialAction":[{"@type":"CommentAction","name":"Comment","target":["https:\/\/literie.boutique\/blog\/changer-matelas\/#respond"]}]},{"@type":"WebPage","@id":"https:\/\/literie.boutique\/blog\/changer-matelas\/","url":"https:\/\/literie.boutique\/blog\/changer-matelas\/","name":"Quand remplacer son matelas pour un sommeil de qualit\u00e9 ?","isPartOf":{"@id":"https:\/\/literie.boutique\/blog\/#website"},"datePublished":"2025-07-28T10:45:13+00:00","dateModified":"2025-07-29T08:29:29+00:00","author":{"@id":"https:\/\/literie.boutique\/blog\/#\/schema\/person\/18b20b7440db8006a7400c973f23869a"},"description":"D\u00e9couvrez quand il est temps de changer de matelas pour am\u00e9liorer votre sommeil et bien-\u00eatre. Conseils et signes \u00e0 surveiller.","breadcrumb":{"@id":"https:\/\/literie.boutique\/blog\/changer-matelas\/#breadcrumb"},"inLanguage":"fr-FR","potentialAction":[{"@type":"ReadAction","target":["https:\/\/literie.boutique\/blog\/changer-matelas\/"]}]},{"@type":"BreadcrumbList","@id":"https:\/\/literie.boutique\/blog\/changer-matelas\/#breadcrumb","itemListElement":[{"@type":"ListItem","position":1,"name":"Accueil","item":"https:\/\/literie.boutique\/blog\/"},{"@type":"ListItem","position":2,"name":"Quand faut-il changer de matelas\u00a0?"}]},{"@type":"WebSite","@id":"https:\/\/literie.boutique\/blog\/#website","url":"https:\/\/literie.boutique\/blog\/","name":"Blog literie","description":"","potentialAction":[{"@type":"SearchAction","target":{"@type":"EntryPoint","urlTemplate":"https:\/\/literie.boutique\/blog\/?s={search_term_string}"},"query-input":{"@type":"PropertyValueSpecification","valueRequired":true,"valueName":"search_term_string"}}],"inLanguage":"fr-FR"},{"@type":"Person","@id":"https:\/\/literie.boutique\/blog\/#\/schema\/person\/18b20b7440db8006a7400c973f23869a","name":"Quentin","image":{"@type":"ImageObject","inLanguage":"fr-FR","@id":"https:\/\/secure.gravatar.com\/avatar\/41fdb4b53b53b73264d00c34f36d500658ce5d38b749a6be639259016cc951ea?s=96&d=mm&r=g","url":"https:\/\/secure.gravatar.com\/avatar\/41fdb4b53b53b73264d00c34f36d500658ce5d38b749a6be639259016cc951ea?s=96&d=mm&r=g","contentUrl":"https:\/\/secure.gravatar.com\/avatar\/41fdb4b53b53b73264d00c34f36d500658ce5d38b749a6be639259016cc951ea?s=96&d=mm&r=g","caption":"Quentin"},"description":"Quentin a 15 ans d\u2019exp\u00e9rience dans le domaine de la literie et du sommeil. Passionn\u00e9 par le sujet, il s\u2019est form\u00e9 en continu sur les nouveaut\u00e9s (technologies de matelas, ergonomie, mat\u00e9riaux innovants) et a m\u00eame suivi des modules en ergonomie du sommeil.","sameAs":["https:\/\/literie.boutique\/blog"],"url":"https:\/\/literie.boutique\/blog\/author\/domaineswebnotoriete-com\/"}]}},"_links":{"self":[{"href":"https:\/\/literie.boutique\/blog\/wp-json\/wp\/v2\/posts\/241","targetHints":{"allow":["GET"]}}],"collection":[{"href":"https:\/\/literie.boutique\/blog\/wp-json\/wp\/v2\/posts"}],"about":[{"href":"https:\/\/literie.boutique\/blog\/wp-json\/wp\/v2\/types\/post"}],"author":[{"embeddable":true,"href":"https:\/\/literie.boutique\/blog\/wp-json\/wp\/v2\/users\/1"}],"replies":[{"embeddable":true,"href":"https:\/\/literie.boutique\/blog\/wp-json\/wp\/v2\/comments?post=241"}],"version-history":[{"count":1,"href":"https:\/\/literie.boutique\/blog\/wp-json\/wp\/v2\/posts\/241\/revisions"}],"predecessor-version":[{"id":246,"href":"https:\/\/literie.boutique\/blog\/wp-json\/wp\/v2\/posts\/241\/revisions\/246"}],"wp:attachment":[{"href":"https:\/\/literie.boutique\/blog\/wp-json\/wp\/v2\/media?parent=241"}],"wp:term":[{"taxonomy":"category","embeddable":true,"href":"https:\/\/literie.boutique\/blog\/wp-json\/wp\/v2\/categories?post=241"},{"taxonomy":"post_tag","embeddable":true,"href":"https:\/\/literie.boutique\/blog\/wp-json\/wp\/v2\/tags?post=241"}],"curies":[{"name":"wp","href":"https:\/\/api.w.org\/{rel}","templated":true}]}}