{"id":208,"date":"2025-07-15T15:17:28","date_gmt":"2025-07-15T13:17:28","guid":{"rendered":"https:\/\/literie.boutique\/blog\/qualite-air-aerer-chambre-literie\/"},"modified":"2025-07-15T15:17:28","modified_gmt":"2025-07-15T13:17:28","slug":"qualite-air-aerer-chambre-literie","status":"publish","type":"post","link":"https:\/\/literie.boutique\/blog\/qualite-air-aerer-chambre-literie\/","title":{"rendered":"Qualit\u00e9 de l\u2019air : pourquoi bien a\u00e9rer sa chambre et sa literie au quotidien"},"content":{"rendered":"<p>La qualit\u00e9 de l\u2019air int\u00e9rieur a un impact direct sur notre bien-\u00eatre, surtout lorsque l\u2019on consid\u00e8re le temps que l\u2019on passe \u00e0 dormir. En moyenne, un Fran\u00e7ais passe environ 7 heures par nuit dans sa chambre. Pour garantir un sommeil r\u00e9parateur, il est essentiel d\u2019a\u00e9rer r\u00e9guli\u00e8rement son espace de vie. Pourquoi est-il crucial d\u2019ouvrir les fen\u00eatres et comment proc\u00e9der efficacement \u00e0 cette a\u00e9ration ? D\u00e9couvrez les conseils pratiques pour am\u00e9liorer la qualit\u00e9 de l\u2019air de votre chambre et de votre literie.<\/p>\n\n<figure class=\"wp-block-image size-full\"><img fetchpriority=\"high\" decoding=\"async\" width=\"1344\" height=\"768\" src=\"https:\/\/literie.boutique\/blog\/wp-content\/uploads\/2025\/07\/Qualite-de-lair-pourquoi-bien-aerer-sa-chambre-et-sa-literie-au-quotidien-5.jpg\" alt=\"d\u00e9couvrez pourquoi il est essentiel d&#039;a\u00e9rer quotidiennement votre chambre et votre literie pour am\u00e9liorer la qualit\u00e9 de l&#039;air int\u00e9rieur. apprenez les bienfaits sur votre sant\u00e9 et votre bien-\u00eatre, ainsi que des conseils pratiques pour maintenir un environnement sain et agr\u00e9able.\" class=\"wp-image-206\" srcset=\"https:\/\/literie.boutique\/blog\/wp-content\/uploads\/2025\/07\/Qualite-de-lair-pourquoi-bien-aerer-sa-chambre-et-sa-literie-au-quotidien-5.jpg 1344w, https:\/\/literie.boutique\/blog\/wp-content\/uploads\/2025\/07\/Qualite-de-lair-pourquoi-bien-aerer-sa-chambre-et-sa-literie-au-quotidien-5-300x171.jpg 300w, https:\/\/literie.boutique\/blog\/wp-content\/uploads\/2025\/07\/Qualite-de-lair-pourquoi-bien-aerer-sa-chambre-et-sa-literie-au-quotidien-5-1024x585.jpg 1024w, https:\/\/literie.boutique\/blog\/wp-content\/uploads\/2025\/07\/Qualite-de-lair-pourquoi-bien-aerer-sa-chambre-et-sa-literie-au-quotidien-5-768x439.jpg 768w\" sizes=\"(max-width: 1344px) 100vw, 1344px\" \/><\/figure>\n\n<h2 class=\"wp-block-heading\">Les enjeux de la qualit\u00e9 de l\u2019air int\u00e9rieur<\/h2>\n\n<p>Les \u00e9tudes montrent que l\u2019air \u00e0 l\u2019int\u00e9rieur des logements peut \u00eatre jusqu\u2019\u00e0 cinq fois plus pollu\u00e9 que l\u2019air ext\u00e9rieur. Cette pollution est due \u00e0 divers facteurs, notamment les produits m\u00e9nagers, les meubles et m\u00eame notre propre respiration. Dans ce contexte, a\u00e9rer devient un geste indispensable pour la sant\u00e9. Voici quelques \u00e9l\u00e9ments cl\u00e9s \u00e0 retenir :<\/p>\n\n<ul class=\"wp-block-list\"><li><strong>Renouvellement de l\u2019air :<\/strong> Permet d\u2019\u00e9liminer les polluants et l\u2019humidit\u00e9.<\/li><li><strong>Pr\u00e9vention des allergies :<\/strong> R\u00e9duit la prolif\u00e9ration des acariens et des moisissures.<\/li><li><strong>Am\u00e9lioration du sommeil :<\/strong> Un air sain influe positivement sur la qualit\u00e9 du repos.<\/li><\/ul>\n\n<h3 class=\"wp-block-heading\">Quand et comment a\u00e9rer efficacement ?<\/h3>\n\n<p>Les moments id\u00e9aux pour a\u00e9rer varient selon les saisons, mais certaines r\u00e8gles de base s&rsquo;appliquent :<\/p>\n\n<figure class=\"wp-block-table\"><table>\n<thead>\n<tr>\n<th>Saison<\/th>\n<th>Meilleur moment pour a\u00e9rer<\/th>\n<th>Dur\u00e9e conseill\u00e9e<\/th>\n<th>Pourquoi ?<\/th>\n<\/tr>\n<\/thead>\n<tbody>\n<tr>\n<td>Printemps<\/td>\n<td>T\u00f4t le matin ou en soir\u00e9e<\/td>\n<td>5 \u00e0 10 minutes<\/td>\n<td>Temp\u00e9ratures douces, bon renouvellement de l\u2019air.<\/td>\n<\/tr>\n<tr>\n<td>\u00c9t\u00e9<\/td>\n<td>Tr\u00e8s t\u00f4t le matin ou tard le soir<\/td>\n<td>5 \u00e0 10 minutes<\/td>\n<td>\u00c9viter les fortes chaleurs ; l\u2019air est plus frais.<\/td>\n<\/tr>\n<tr>\n<td>Automne<\/td>\n<td>Milieu de matin\u00e9e ou d\u00e9but d\u2019apr\u00e8s-midi<\/td>\n<td>5 \u00e0 10 minutes<\/td>\n<td>Humidit\u00e9 mod\u00e9r\u00e9e, bonne circulation de l\u2019air.<\/td>\n<\/tr>\n<tr>\n<td>Hiver<\/td>\n<td>Entre 8 h et 11 h, puis le soir apr\u00e8s le d\u00eener<\/td>\n<td>5 \u00e0 10 minutes<\/td>\n<td>Limiter la perte de chaleur tout en renouvelant l\u2019air.<\/td>\n<\/tr>\n<\/tbody>\n<\/table><\/figure>\n\n<h2 class=\"wp-block-heading\">Les b\u00e9n\u00e9fices d\u2019une bonne a\u00e9ration<\/h2>\n\n<p>A\u00e9rer sa chambre quotidiennement procure de nombreux avantages tant pour la sant\u00e9 que pour le confort. En effet, pensez \u00e0 ces b\u00e9n\u00e9fices :<\/p>\n\n<ul class=\"wp-block-list\"><li><strong>R\u00e9duction des risques de maladies :<\/strong> Une meilleure ventilation diminue les allergies et les probl\u00e8mes respiratoires.<\/li><li><strong>\u00c9limination des mauvaises odeurs :<\/strong> L\u2019air frais contribue \u00e0 un environnement agr\u00e9able.<\/li><li><strong>Sensation de bien-\u00eatre :<\/strong> Un espace bien a\u00e9r\u00e9 est plus propice \u00e0 la relaxation et au sommeil.<\/li><\/ul>\n\n<h3 class=\"wp-block-heading\">Quelques gestes \u00e0 adopter pour une literie saine<\/h3>\n\n<p>Votre literie a besoin d\u2019un bon renouvellement d\u2019air pour rester en bon \u00e9tat et pr\u00e9server votre sant\u00e9. Par exemple :<\/p>\n\n<ul class=\"wp-block-list\"><li>Secouer r\u00e9guli\u00e8rement les draps et les oreillers.<\/li><li>Retourner le matelas au moins une fois par mois.<\/li><li>\u00c9viter d\u2019entasser des objets sous le lit pour favoriser la circulation de l\u2019air.<\/li><\/ul>\n\n<h2 class=\"wp-block-heading\">Les erreurs \u00e0 \u00e9viter lors de l\u2019a\u00e9ration<\/h2>\n\n<p>Il existe certaines pratiques \u00e0 proscrire pour ne pas nuire \u00e0 la qualit\u00e9 de l\u2019air int\u00e9rieur :<\/p>\n\n<ul class=\"wp-block-list\"><li>Ne pas laisser les fen\u00eatres ouvertes toute la journ\u00e9e, surtout en \u00e9t\u00e9.<\/li><li>Oublier d\u2019a\u00e9rer en hiver, m\u00eame si le temps est froid.<\/li><li>A\u00e9rer par des fen\u00eatres en oscillo-battant, ce qui limite l\u2019efficacit\u00e9 de circulation.<\/li><\/ul>\n\n<p>Pour en savoir plus sur l\u2019importance de l\u2019a\u00e9ration, n\u2019h\u00e9sitez pas \u00e0 consulter des sources fiables. Par exemple, <a href=\"https:\/\/www.dyson.fr\/discover\/insights\/qualite-de-l-air\/ventilation-chambre\">Dyson et <strong><a href=\"https:\/\/www.lacompagniedublanc.com\/blog\/arrive-de-lete-quels-sont-les-bienfaits-daerer-sa-chambre-en-ete\/\">La Compagnie du Blanc<\/a><\/strong>, proposent des conseils pratiques sur la ventilation des chambres.<\/a><\/p>\n\n<h2 class=\"wp-block-heading\">Cr\u00e9er un environnement sain pour votre sommeil<\/h2>\n\n<p>En somme, garantir une <strong>qualit\u00e9 de l\u2019air<\/strong> satisfaisante dans votre chambre et pour votre literie est essentiel. Des gestes simples comme l\u2019a\u00e9ration quotidienne peuvent avoir un impact significatif sur votre sant\u00e9. Alors, pourquoi ne pas commencer d\u00e8s aujourd&rsquo;hui \u00e0 int\u00e9grer ces r\u00e9flexes dans votre routine ?<\/p>\n\n<figure class=\"wp-block-image size-full\"><img decoding=\"async\" width=\"1344\" height=\"768\" src=\"https:\/\/literie.boutique\/blog\/wp-content\/uploads\/2025\/07\/Qualite-de-lair-pourquoi-bien-aerer-sa-chambre-et-sa-literie-au-quotidien-6.jpg\" alt=\"d\u00e9couvrez l&#039;importance d&#039;une bonne a\u00e9ration de votre chambre et de votre literie au quotidien pour am\u00e9liorer la qualit\u00e9 de l&#039;air. apprenez comment de simples gestes peuvent contribuer \u00e0 votre bien-\u00eatre et \u00e0 une meilleure sant\u00e9.\" class=\"wp-image-207\" srcset=\"https:\/\/literie.boutique\/blog\/wp-content\/uploads\/2025\/07\/Qualite-de-lair-pourquoi-bien-aerer-sa-chambre-et-sa-literie-au-quotidien-6.jpg 1344w, https:\/\/literie.boutique\/blog\/wp-content\/uploads\/2025\/07\/Qualite-de-lair-pourquoi-bien-aerer-sa-chambre-et-sa-literie-au-quotidien-6-300x171.jpg 300w, https:\/\/literie.boutique\/blog\/wp-content\/uploads\/2025\/07\/Qualite-de-lair-pourquoi-bien-aerer-sa-chambre-et-sa-literie-au-quotidien-6-1024x585.jpg 1024w, https:\/\/literie.boutique\/blog\/wp-content\/uploads\/2025\/07\/Qualite-de-lair-pourquoi-bien-aerer-sa-chambre-et-sa-literie-au-quotidien-6-768x439.jpg 768w\" sizes=\"(max-width: 1344px) 100vw, 1344px\" \/><\/figure>\n\n","protected":false},"excerpt":{"rendered":"<p>La qualit\u00e9 de l\u2019air int\u00e9rieur a un impact direct sur notre bien-\u00eatre, surtout lorsque l\u2019on consid\u00e8re le temps que l\u2019on passe \u00e0 dormir. En moyenne, un Fran\u00e7ais passe environ 7 heures par nuit dans sa chambre. Pour garantir un sommeil r\u00e9parateur, il est essentiel d\u2019a\u00e9rer r\u00e9guli\u00e8rement son espace de vie. Pourquoi est-il crucial d\u2019ouvrir les [&hellip;]<\/p>\n","protected":false},"author":1,"featured_media":205,"comment_status":"open","ping_status":"open","sticky":false,"template":"","format":"standard","meta":{"_eb_attr":"","footnotes":""},"categories":[1],"tags":[],"class_list":["post-208","post","type-post","status-publish","format-standard","has-post-thumbnail","hentry","category-non-classe"],"yoast_head":"<!-- This site is optimized with the Yoast SEO plugin v27.4 - https:\/\/yoast.com\/product\/yoast-seo-wordpress\/ -->\n<title>A\u00e9rer sa chambre : un geste vital pour une literie saine<\/title>\n<meta name=\"description\" content=\"D\u00e9couvrez pourquoi a\u00e9rer quotidiennement votre chambre et literie am\u00e9liore la qualit\u00e9 de l&#039;air et favorise votre bien-\u00eatre et votre sant\u00e9.\" \/>\n<meta name=\"robots\" content=\"index, follow, max-snippet:-1, max-image-preview:large, max-video-preview:-1\" \/>\n<link rel=\"canonical\" href=\"https:\/\/literie.boutique\/blog\/qualite-air-aerer-chambre-literie\/\" \/>\n<meta property=\"og:locale\" content=\"fr_FR\" \/>\n<meta property=\"og:type\" content=\"article\" \/>\n<meta property=\"og:title\" content=\"A\u00e9rer sa chambre : un geste vital pour une literie saine\" \/>\n<meta property=\"og:description\" content=\"D\u00e9couvrez pourquoi a\u00e9rer quotidiennement votre chambre et literie am\u00e9liore la qualit\u00e9 de l&#039;air et favorise votre bien-\u00eatre et votre sant\u00e9.\" \/>\n<meta property=\"og:url\" content=\"https:\/\/literie.boutique\/blog\/qualite-air-aerer-chambre-literie\/\" \/>\n<meta property=\"og:site_name\" content=\"Blog literie\" \/>\n<meta property=\"article:published_time\" content=\"2025-07-15T13:17:28+00:00\" \/>\n<meta property=\"og:image\" content=\"https:\/\/literie.boutique\/blog\/wp-content\/uploads\/2025\/07\/Qualite-de-lair-pourquoi-bien-aerer-sa-chambre-et-sa-literie-au-quotidien-4.jpg\" \/>\n\t<meta property=\"og:image:width\" content=\"1344\" \/>\n\t<meta property=\"og:image:height\" content=\"768\" \/>\n\t<meta property=\"og:image:type\" content=\"image\/jpeg\" \/>\n<meta name=\"author\" content=\"Quentin\" \/>\n<meta name=\"twitter:card\" content=\"summary_large_image\" \/>\n<meta name=\"twitter:label1\" content=\"\u00c9crit par\" \/>\n\t<meta name=\"twitter:data1\" content=\"Quentin\" \/>\n\t<meta name=\"twitter:label2\" content=\"Dur\u00e9e de lecture estim\u00e9e\" \/>\n\t<meta name=\"twitter:data2\" content=\"3 minutes\" \/>\n<script type=\"application\/ld+json\" class=\"yoast-schema-graph\">{\"@context\":\"https:\\\/\\\/schema.org\",\"@graph\":[{\"@type\":\"Article\",\"@id\":\"https:\\\/\\\/literie.boutique\\\/blog\\\/qualite-air-aerer-chambre-literie\\\/#article\",\"isPartOf\":{\"@id\":\"https:\\\/\\\/literie.boutique\\\/blog\\\/qualite-air-aerer-chambre-literie\\\/\"},\"author\":{\"name\":\"Quentin\",\"@id\":\"https:\\\/\\\/literie.boutique\\\/blog\\\/#\\\/schema\\\/person\\\/18b20b7440db8006a7400c973f23869a\"},\"headline\":\"Qualit\u00e9 de l\u2019air : pourquoi bien a\u00e9rer sa chambre et sa literie au quotidien\",\"datePublished\":\"2025-07-15T13:17:28+00:00\",\"mainEntityOfPage\":{\"@id\":\"https:\\\/\\\/literie.boutique\\\/blog\\\/qualite-air-aerer-chambre-literie\\\/\"},\"wordCount\":644,\"commentCount\":0,\"image\":{\"@id\":\"https:\\\/\\\/literie.boutique\\\/blog\\\/qualite-air-aerer-chambre-literie\\\/#primaryimage\"},\"thumbnailUrl\":\"https:\\\/\\\/literie.boutique\\\/blog\\\/wp-content\\\/uploads\\\/2025\\\/07\\\/Qualite-de-lair-pourquoi-bien-aerer-sa-chambre-et-sa-literie-au-quotidien-4.jpg\",\"inLanguage\":\"fr-FR\",\"potentialAction\":[{\"@type\":\"CommentAction\",\"name\":\"Comment\",\"target\":[\"https:\\\/\\\/literie.boutique\\\/blog\\\/qualite-air-aerer-chambre-literie\\\/#respond\"]}]},{\"@type\":\"WebPage\",\"@id\":\"https:\\\/\\\/literie.boutique\\\/blog\\\/qualite-air-aerer-chambre-literie\\\/\",\"url\":\"https:\\\/\\\/literie.boutique\\\/blog\\\/qualite-air-aerer-chambre-literie\\\/\",\"name\":\"A\u00e9rer sa chambre : un geste vital pour une literie saine\",\"isPartOf\":{\"@id\":\"https:\\\/\\\/literie.boutique\\\/blog\\\/#website\"},\"primaryImageOfPage\":{\"@id\":\"https:\\\/\\\/literie.boutique\\\/blog\\\/qualite-air-aerer-chambre-literie\\\/#primaryimage\"},\"image\":{\"@id\":\"https:\\\/\\\/literie.boutique\\\/blog\\\/qualite-air-aerer-chambre-literie\\\/#primaryimage\"},\"thumbnailUrl\":\"https:\\\/\\\/literie.boutique\\\/blog\\\/wp-content\\\/uploads\\\/2025\\\/07\\\/Qualite-de-lair-pourquoi-bien-aerer-sa-chambre-et-sa-literie-au-quotidien-4.jpg\",\"datePublished\":\"2025-07-15T13:17:28+00:00\",\"author\":{\"@id\":\"https:\\\/\\\/literie.boutique\\\/blog\\\/#\\\/schema\\\/person\\\/18b20b7440db8006a7400c973f23869a\"},\"description\":\"D\u00e9couvrez pourquoi a\u00e9rer quotidiennement votre chambre et literie am\u00e9liore la qualit\u00e9 de l'air et favorise votre bien-\u00eatre et votre sant\u00e9.\",\"breadcrumb\":{\"@id\":\"https:\\\/\\\/literie.boutique\\\/blog\\\/qualite-air-aerer-chambre-literie\\\/#breadcrumb\"},\"inLanguage\":\"fr-FR\",\"potentialAction\":[{\"@type\":\"ReadAction\",\"target\":[\"https:\\\/\\\/literie.boutique\\\/blog\\\/qualite-air-aerer-chambre-literie\\\/\"]}]},{\"@type\":\"ImageObject\",\"inLanguage\":\"fr-FR\",\"@id\":\"https:\\\/\\\/literie.boutique\\\/blog\\\/qualite-air-aerer-chambre-literie\\\/#primaryimage\",\"url\":\"https:\\\/\\\/literie.boutique\\\/blog\\\/wp-content\\\/uploads\\\/2025\\\/07\\\/Qualite-de-lair-pourquoi-bien-aerer-sa-chambre-et-sa-literie-au-quotidien-4.jpg\",\"contentUrl\":\"https:\\\/\\\/literie.boutique\\\/blog\\\/wp-content\\\/uploads\\\/2025\\\/07\\\/Qualite-de-lair-pourquoi-bien-aerer-sa-chambre-et-sa-literie-au-quotidien-4.jpg\",\"width\":1344,\"height\":768,\"caption\":\"d\u00e9couvrez l'importance d'une bonne a\u00e9ration quotidienne de votre chambre et de votre literie pour am\u00e9liorer la qualit\u00e9 de l'air int\u00e9rieur. apprenez comment une meilleure ventilation contribue \u00e0 votre sant\u00e9 et \u00e0 votre bien-\u00eatre, tout en \u00e9liminant l'humidit\u00e9 et les allerg\u00e8nes. adoptez ces gestes simples pour un environnement de sommeil plus sain!\"},{\"@type\":\"BreadcrumbList\",\"@id\":\"https:\\\/\\\/literie.boutique\\\/blog\\\/qualite-air-aerer-chambre-literie\\\/#breadcrumb\",\"itemListElement\":[{\"@type\":\"ListItem\",\"position\":1,\"name\":\"Accueil\",\"item\":\"https:\\\/\\\/literie.boutique\\\/blog\\\/\"},{\"@type\":\"ListItem\",\"position\":2,\"name\":\"Qualit\u00e9 de l\u2019air : pourquoi bien a\u00e9rer sa chambre et sa literie au quotidien\"}]},{\"@type\":\"WebSite\",\"@id\":\"https:\\\/\\\/literie.boutique\\\/blog\\\/#website\",\"url\":\"https:\\\/\\\/literie.boutique\\\/blog\\\/\",\"name\":\"Blog literie\",\"description\":\"\",\"potentialAction\":[{\"@type\":\"SearchAction\",\"target\":{\"@type\":\"EntryPoint\",\"urlTemplate\":\"https:\\\/\\\/literie.boutique\\\/blog\\\/?s={search_term_string}\"},\"query-input\":{\"@type\":\"PropertyValueSpecification\",\"valueRequired\":true,\"valueName\":\"search_term_string\"}}],\"inLanguage\":\"fr-FR\"},{\"@type\":\"Person\",\"@id\":\"https:\\\/\\\/literie.boutique\\\/blog\\\/#\\\/schema\\\/person\\\/18b20b7440db8006a7400c973f23869a\",\"name\":\"Quentin\",\"image\":{\"@type\":\"ImageObject\",\"inLanguage\":\"fr-FR\",\"@id\":\"https:\\\/\\\/secure.gravatar.com\\\/avatar\\\/41fdb4b53b53b73264d00c34f36d500658ce5d38b749a6be639259016cc951ea?s=96&d=mm&r=g\",\"url\":\"https:\\\/\\\/secure.gravatar.com\\\/avatar\\\/41fdb4b53b53b73264d00c34f36d500658ce5d38b749a6be639259016cc951ea?s=96&d=mm&r=g\",\"contentUrl\":\"https:\\\/\\\/secure.gravatar.com\\\/avatar\\\/41fdb4b53b53b73264d00c34f36d500658ce5d38b749a6be639259016cc951ea?s=96&d=mm&r=g\",\"caption\":\"Quentin\"},\"description\":\"Quentin a 15 ans d\u2019exp\u00e9rience dans le domaine de la literie et du sommeil. Passionn\u00e9 par le sujet, il s\u2019est form\u00e9 en continu sur les nouveaut\u00e9s (technologies de matelas, ergonomie, mat\u00e9riaux innovants) et a m\u00eame suivi des modules en ergonomie du sommeil.\",\"sameAs\":[\"https:\\\/\\\/literie.boutique\\\/blog\"],\"url\":\"https:\\\/\\\/literie.boutique\\\/blog\\\/author\\\/domaineswebnotoriete-com\\\/\"}]}<\/script>\n<!-- \/ Yoast SEO plugin. -->","yoast_head_json":{"title":"A\u00e9rer sa chambre : un geste vital pour une literie saine","description":"D\u00e9couvrez pourquoi a\u00e9rer quotidiennement votre chambre et literie am\u00e9liore la qualit\u00e9 de l'air et favorise votre bien-\u00eatre et votre sant\u00e9.","robots":{"index":"index","follow":"follow","max-snippet":"max-snippet:-1","max-image-preview":"max-image-preview:large","max-video-preview":"max-video-preview:-1"},"canonical":"https:\/\/literie.boutique\/blog\/qualite-air-aerer-chambre-literie\/","og_locale":"fr_FR","og_type":"article","og_title":"A\u00e9rer sa chambre : un geste vital pour une literie saine","og_description":"D\u00e9couvrez pourquoi a\u00e9rer quotidiennement votre chambre et literie am\u00e9liore la qualit\u00e9 de l'air et favorise votre bien-\u00eatre et votre sant\u00e9.","og_url":"https:\/\/literie.boutique\/blog\/qualite-air-aerer-chambre-literie\/","og_site_name":"Blog literie","article_published_time":"2025-07-15T13:17:28+00:00","og_image":[{"width":1344,"height":768,"url":"https:\/\/literie.boutique\/blog\/wp-content\/uploads\/2025\/07\/Qualite-de-lair-pourquoi-bien-aerer-sa-chambre-et-sa-literie-au-quotidien-4.jpg","type":"image\/jpeg"}],"author":"Quentin","twitter_card":"summary_large_image","twitter_misc":{"\u00c9crit par":"Quentin","Dur\u00e9e de lecture estim\u00e9e":"3 minutes"},"schema":{"@context":"https:\/\/schema.org","@graph":[{"@type":"Article","@id":"https:\/\/literie.boutique\/blog\/qualite-air-aerer-chambre-literie\/#article","isPartOf":{"@id":"https:\/\/literie.boutique\/blog\/qualite-air-aerer-chambre-literie\/"},"author":{"name":"Quentin","@id":"https:\/\/literie.boutique\/blog\/#\/schema\/person\/18b20b7440db8006a7400c973f23869a"},"headline":"Qualit\u00e9 de l\u2019air : pourquoi bien a\u00e9rer sa chambre et sa literie au quotidien","datePublished":"2025-07-15T13:17:28+00:00","mainEntityOfPage":{"@id":"https:\/\/literie.boutique\/blog\/qualite-air-aerer-chambre-literie\/"},"wordCount":644,"commentCount":0,"image":{"@id":"https:\/\/literie.boutique\/blog\/qualite-air-aerer-chambre-literie\/#primaryimage"},"thumbnailUrl":"https:\/\/literie.boutique\/blog\/wp-content\/uploads\/2025\/07\/Qualite-de-lair-pourquoi-bien-aerer-sa-chambre-et-sa-literie-au-quotidien-4.jpg","inLanguage":"fr-FR","potentialAction":[{"@type":"CommentAction","name":"Comment","target":["https:\/\/literie.boutique\/blog\/qualite-air-aerer-chambre-literie\/#respond"]}]},{"@type":"WebPage","@id":"https:\/\/literie.boutique\/blog\/qualite-air-aerer-chambre-literie\/","url":"https:\/\/literie.boutique\/blog\/qualite-air-aerer-chambre-literie\/","name":"A\u00e9rer sa chambre : un geste vital pour une literie saine","isPartOf":{"@id":"https:\/\/literie.boutique\/blog\/#website"},"primaryImageOfPage":{"@id":"https:\/\/literie.boutique\/blog\/qualite-air-aerer-chambre-literie\/#primaryimage"},"image":{"@id":"https:\/\/literie.boutique\/blog\/qualite-air-aerer-chambre-literie\/#primaryimage"},"thumbnailUrl":"https:\/\/literie.boutique\/blog\/wp-content\/uploads\/2025\/07\/Qualite-de-lair-pourquoi-bien-aerer-sa-chambre-et-sa-literie-au-quotidien-4.jpg","datePublished":"2025-07-15T13:17:28+00:00","author":{"@id":"https:\/\/literie.boutique\/blog\/#\/schema\/person\/18b20b7440db8006a7400c973f23869a"},"description":"D\u00e9couvrez pourquoi a\u00e9rer quotidiennement votre chambre et literie am\u00e9liore la qualit\u00e9 de l'air et favorise votre bien-\u00eatre et votre sant\u00e9.","breadcrumb":{"@id":"https:\/\/literie.boutique\/blog\/qualite-air-aerer-chambre-literie\/#breadcrumb"},"inLanguage":"fr-FR","potentialAction":[{"@type":"ReadAction","target":["https:\/\/literie.boutique\/blog\/qualite-air-aerer-chambre-literie\/"]}]},{"@type":"ImageObject","inLanguage":"fr-FR","@id":"https:\/\/literie.boutique\/blog\/qualite-air-aerer-chambre-literie\/#primaryimage","url":"https:\/\/literie.boutique\/blog\/wp-content\/uploads\/2025\/07\/Qualite-de-lair-pourquoi-bien-aerer-sa-chambre-et-sa-literie-au-quotidien-4.jpg","contentUrl":"https:\/\/literie.boutique\/blog\/wp-content\/uploads\/2025\/07\/Qualite-de-lair-pourquoi-bien-aerer-sa-chambre-et-sa-literie-au-quotidien-4.jpg","width":1344,"height":768,"caption":"d\u00e9couvrez l'importance d'une bonne a\u00e9ration quotidienne de votre chambre et de votre literie pour am\u00e9liorer la qualit\u00e9 de l'air int\u00e9rieur. apprenez comment une meilleure ventilation contribue \u00e0 votre sant\u00e9 et \u00e0 votre bien-\u00eatre, tout en \u00e9liminant l'humidit\u00e9 et les allerg\u00e8nes. adoptez ces gestes simples pour un environnement de sommeil plus sain!"},{"@type":"BreadcrumbList","@id":"https:\/\/literie.boutique\/blog\/qualite-air-aerer-chambre-literie\/#breadcrumb","itemListElement":[{"@type":"ListItem","position":1,"name":"Accueil","item":"https:\/\/literie.boutique\/blog\/"},{"@type":"ListItem","position":2,"name":"Qualit\u00e9 de l\u2019air : pourquoi bien a\u00e9rer sa chambre et sa literie au quotidien"}]},{"@type":"WebSite","@id":"https:\/\/literie.boutique\/blog\/#website","url":"https:\/\/literie.boutique\/blog\/","name":"Blog literie","description":"","potentialAction":[{"@type":"SearchAction","target":{"@type":"EntryPoint","urlTemplate":"https:\/\/literie.boutique\/blog\/?s={search_term_string}"},"query-input":{"@type":"PropertyValueSpecification","valueRequired":true,"valueName":"search_term_string"}}],"inLanguage":"fr-FR"},{"@type":"Person","@id":"https:\/\/literie.boutique\/blog\/#\/schema\/person\/18b20b7440db8006a7400c973f23869a","name":"Quentin","image":{"@type":"ImageObject","inLanguage":"fr-FR","@id":"https:\/\/secure.gravatar.com\/avatar\/41fdb4b53b53b73264d00c34f36d500658ce5d38b749a6be639259016cc951ea?s=96&d=mm&r=g","url":"https:\/\/secure.gravatar.com\/avatar\/41fdb4b53b53b73264d00c34f36d500658ce5d38b749a6be639259016cc951ea?s=96&d=mm&r=g","contentUrl":"https:\/\/secure.gravatar.com\/avatar\/41fdb4b53b53b73264d00c34f36d500658ce5d38b749a6be639259016cc951ea?s=96&d=mm&r=g","caption":"Quentin"},"description":"Quentin a 15 ans d\u2019exp\u00e9rience dans le domaine de la literie et du sommeil. Passionn\u00e9 par le sujet, il s\u2019est form\u00e9 en continu sur les nouveaut\u00e9s (technologies de matelas, ergonomie, mat\u00e9riaux innovants) et a m\u00eame suivi des modules en ergonomie du sommeil.","sameAs":["https:\/\/literie.boutique\/blog"],"url":"https:\/\/literie.boutique\/blog\/author\/domaineswebnotoriete-com\/"}]}},"_links":{"self":[{"href":"https:\/\/literie.boutique\/blog\/wp-json\/wp\/v2\/posts\/208","targetHints":{"allow":["GET"]}}],"collection":[{"href":"https:\/\/literie.boutique\/blog\/wp-json\/wp\/v2\/posts"}],"about":[{"href":"https:\/\/literie.boutique\/blog\/wp-json\/wp\/v2\/types\/post"}],"author":[{"embeddable":true,"href":"https:\/\/literie.boutique\/blog\/wp-json\/wp\/v2\/users\/1"}],"replies":[{"embeddable":true,"href":"https:\/\/literie.boutique\/blog\/wp-json\/wp\/v2\/comments?post=208"}],"version-history":[{"count":0,"href":"https:\/\/literie.boutique\/blog\/wp-json\/wp\/v2\/posts\/208\/revisions"}],"wp:featuredmedia":[{"embeddable":true,"href":"https:\/\/literie.boutique\/blog\/wp-json\/wp\/v2\/media\/205"}],"wp:attachment":[{"href":"https:\/\/literie.boutique\/blog\/wp-json\/wp\/v2\/media?parent=208"}],"wp:term":[{"taxonomy":"category","embeddable":true,"href":"https:\/\/literie.boutique\/blog\/wp-json\/wp\/v2\/categories?post=208"},{"taxonomy":"post_tag","embeddable":true,"href":"https:\/\/literie.boutique\/blog\/wp-json\/wp\/v2\/tags?post=208"}],"curies":[{"name":"wp","href":"https:\/\/api.w.org\/{rel}","templated":true}]}}